{"id":738,"date":"2024-04-22T16:11:04","date_gmt":"2024-04-22T14:11:04","guid":{"rendered":"https:\/\/www.alsace-cce.com\/?p=738"},"modified":"2024-04-22T16:11:05","modified_gmt":"2024-04-22T14:11:05","slug":"assemblee-generale-alsace","status":"publish","type":"post","link":"https:\/\/www.alsace-cce.com\/index.php\/2024\/04\/22\/assemblee-generale-alsace\/","title":{"rendered":"Assembl\u00e9e g\u00e9n\u00e9rale Alsace"},"content":{"rendered":"\n<p>Le vendredi 19 avril a eu lieu notre assembl\u00e9e G\u00e9n\u00e9rale des CCE Alsace chez Soprema. <\/p>\n\n\n\n<figure class=\"wp-block-image size-large\"><img loading=\"lazy\" decoding=\"async\" width=\"1024\" height=\"768\" src=\"https:\/\/www.alsace-cce.com\/wp-content\/uploads\/2024\/04\/1713536875739-1024x768.jpeg\" alt=\"\" class=\"wp-image-739\" srcset=\"https:\/\/www.alsace-cce.com\/wp-content\/uploads\/2024\/04\/1713536875739-980x735.jpeg 980w, https:\/\/www.alsace-cce.com\/wp-content\/uploads\/2024\/04\/1713536875739-480x360.jpeg 480w\" sizes=\"auto, (min-width: 0px) and (max-width: 480px) 480px, (min-width: 481px) and (max-width: 980px) 980px, (min-width: 981px) 1024px, 100vw\" \/><\/figure>\n\n\n\n<p><strong><u>Programme:<\/u><\/strong><\/p>\n\n\n\n<p class=\"has-text-align-left\">&#8211;<strong>10h30\/11h00<\/strong>: Caf\u00e9 d&rsquo;accueil\u00a0<\/p>\n\n\n\n<p class=\"has-text-align-left\">&#8211;<strong>11h00\/12h00<\/strong>: Assembl\u00e9e g\u00e9n\u00e9rale Alsace et\u00a0Pr\u00e9sentation des nouveaux membres de notre comit\u00e9<\/p>\n\n\n\n<p class=\"has-text-align-left\">&#8211;<strong>12h00\/12h45<\/strong>: Echanges avec M.Bindschedler<\/p>\n\n\n\n<p class=\"has-text-align-left\">&#8211;<strong>12h45\/14h00<\/strong>: D\u00e9jeuner dans les locaux de Soprema<\/p>\n\n\n\n<p class=\"has-text-align-left\">&#8211;<strong>14h00\/15h00<\/strong>: Visite de l&rsquo;entreprise Soprema<\/p>\n\n\n\n<p><br>Cette AG a cl\u00f4tur\u00e9 en beaut\u00e9 notre ann\u00e9e 2023 : une ann\u00e9e riche\u00a0:<br>&#8211; Rencontre avec des consuls,<br>&#8211; Invitation \u00e0 l\u2019Elys\u00e9e par le Pr\u00e9sident de la R\u00e9publique<br>&#8211; 3\u00e8me Forum Grand Est,<br>&#8211; Interventions VIE dans les \u00e9coles<br>&#8211; Challenge BTS<br>&#8211; Colloques sur des th\u00e8mes d&rsquo;actualit\u00e9 tels que l&rsquo;Asie du Sud-Est et les USA<br>&#8211; Lancement des commisions th\u00e9matiques<br>&#8211; Cr\u00e9ation de site notre site internet <a href=\"http:\/\/alsace-cce.com\/\">alsace-cce.com<\/a><br>&#8211; Diverses r\u00e9unions statutaires<br><\/p>\n","protected":false},"excerpt":{"rendered":"<p>Le vendredi 19 avril a eu lieu notre assembl\u00e9e G\u00e9n\u00e9rale des CCE Alsace chez Soprema. Programme: &#8211;10h30\/11h00: Caf\u00e9 d&rsquo;accueil\u00a0 &#8211;11h00\/12h00: Assembl\u00e9e g\u00e9n\u00e9rale Alsace et\u00a0Pr\u00e9sentation des nouveaux membres de notre comit\u00e9 [&hellip;]<\/p>\n","protected":false},"author":2,"featured_media":740,"comment_status":"open","ping_status":"open","sticky":false,"template":"","format":"standard","meta":{"_et_pb_use_builder":"off","_et_pb_old_content":"","_et_gb_content_width":"","footnotes":"[]"},"categories":[1],"tags":[],"class_list":["post-738","post","type-post","status-publish","format-standard","has-post-thumbnail","hentry","category-blog"],"yoast_head":"<!-- This site is optimized with the Yoast SEO plugin v24.2 - https:\/\/yoast.com\/wordpress\/plugins\/seo\/ -->\n<title>Assembl\u00e9e g\u00e9n\u00e9rale Alsace - grandestcnccef<\/title>\n<meta name=\"robots\" content=\"index, follow, max-snippet:-1, max-image-preview:large, max-video-preview:-1\" \/>\n<link rel=\"canonical\" href=\"https:\/\/www.alsace-cce.com\/index.php\/2024\/04\/22\/assemblee-generale-alsace\/\" \/>\n<meta property=\"og:locale\" content=\"fr_FR\" \/>\n<meta property=\"og:type\" content=\"article\" \/>\n<meta property=\"og:title\" content=\"Assembl\u00e9e g\u00e9n\u00e9rale Alsace - grandestcnccef\" \/>\n<meta property=\"og:description\" content=\"Le vendredi 19 avril a eu lieu notre assembl\u00e9e G\u00e9n\u00e9rale des CCE Alsace chez Soprema. Programme: &#8211;10h30\/11h00: Caf\u00e9 d&rsquo;accueil\u00a0 &#8211;11h00\/12h00: Assembl\u00e9e g\u00e9n\u00e9rale Alsace et\u00a0Pr\u00e9sentation des nouveaux membres de notre comit\u00e9 [&hellip;]\" \/>\n<meta property=\"og:url\" content=\"https:\/\/www.alsace-cce.com\/index.php\/2024\/04\/22\/assemblee-generale-alsace\/\" \/>\n<meta property=\"og:site_name\" content=\"grandestcnccef\" \/>\n<meta property=\"article:published_time\" content=\"2024-04-22T14:11:04+00:00\" \/>\n<meta property=\"article:modified_time\" content=\"2024-04-22T14:11:05+00:00\" \/>\n<meta property=\"og:image\" content=\"https:\/\/www.alsace-cce.com\/wp-content\/uploads\/2024\/04\/1713536875739-1.jpeg\" \/>\n\t<meta property=\"og:image:width\" content=\"2016\" \/>\n\t<meta property=\"og:image:height\" content=\"1512\" \/>\n\t<meta property=\"og:image:type\" content=\"image\/jpeg\" \/>\n<meta name=\"author\" content=\"Lylou Modry\" \/>\n<meta name=\"twitter:card\" content=\"summary_large_image\" \/>\n<meta name=\"twitter:label1\" content=\"\u00c9crit par\" \/>\n\t<meta name=\"twitter:data1\" content=\"Lylou Modry\" \/>\n\t<meta name=\"twitter:label2\" content=\"Dur\u00e9e de lecture estim\u00e9e\" \/>\n\t<meta name=\"twitter:data2\" content=\"1 minute\" \/>\n<script type=\"application\/ld+json\" class=\"yoast-schema-graph\">{\"@context\":\"https:\/\/schema.org\",\"@graph\":[{\"@type\":\"Article\",\"@id\":\"https:\/\/www.alsace-cce.com\/index.php\/2024\/04\/22\/assemblee-generale-alsace\/#article\",\"isPartOf\":{\"@id\":\"https:\/\/www.alsace-cce.com\/index.php\/2024\/04\/22\/assemblee-generale-alsace\/\"},\"author\":{\"name\":\"Lylou Modry\",\"@id\":\"https:\/\/www.alsace-cce.com\/#\/schema\/person\/e7b81bc830a413692d6326cd0c384fe2\"},\"headline\":\"Assembl\u00e9e g\u00e9n\u00e9rale Alsace\",\"datePublished\":\"2024-04-22T14:11:04+00:00\",\"dateModified\":\"2024-04-22T14:11:05+00:00\",\"mainEntityOfPage\":{\"@id\":\"https:\/\/www.alsace-cce.com\/index.php\/2024\/04\/22\/assemblee-generale-alsace\/\"},\"wordCount\":148,\"commentCount\":0,\"publisher\":{\"@id\":\"https:\/\/www.alsace-cce.com\/#organization\"},\"image\":{\"@id\":\"https:\/\/www.alsace-cce.com\/index.php\/2024\/04\/22\/assemblee-generale-alsace\/#primaryimage\"},\"thumbnailUrl\":\"https:\/\/www.alsace-cce.com\/wp-content\/uploads\/2024\/04\/1713536875739-1.jpeg\",\"articleSection\":[\"Blog\"],\"inLanguage\":\"fr-FR\",\"potentialAction\":[{\"@type\":\"CommentAction\",\"name\":\"Comment\",\"target\":[\"https:\/\/www.alsace-cce.com\/index.php\/2024\/04\/22\/assemblee-generale-alsace\/#respond\"]}]},{\"@type\":\"WebPage\",\"@id\":\"https:\/\/www.alsace-cce.com\/index.php\/2024\/04\/22\/assemblee-generale-alsace\/\",\"url\":\"https:\/\/www.alsace-cce.com\/index.php\/2024\/04\/22\/assemblee-generale-alsace\/\",\"name\":\"Assembl\u00e9e g\u00e9n\u00e9rale Alsace - grandestcnccef\",\"isPartOf\":{\"@id\":\"https:\/\/www.alsace-cce.com\/#website\"},\"primaryImageOfPage\":{\"@id\":\"https:\/\/www.alsace-cce.com\/index.php\/2024\/04\/22\/assemblee-generale-alsace\/#primaryimage\"},\"image\":{\"@id\":\"https:\/\/www.alsace-cce.com\/index.php\/2024\/04\/22\/assemblee-generale-alsace\/#primaryimage\"},\"thumbnailUrl\":\"https:\/\/www.alsace-cce.com\/wp-content\/uploads\/2024\/04\/1713536875739-1.jpeg\",\"datePublished\":\"2024-04-22T14:11:04+00:00\",\"dateModified\":\"2024-04-22T14:11:05+00:00\",\"breadcrumb\":{\"@id\":\"https:\/\/www.alsace-cce.com\/index.php\/2024\/04\/22\/assemblee-generale-alsace\/#breadcrumb\"},\"inLanguage\":\"fr-FR\",\"potentialAction\":[{\"@type\":\"ReadAction\",\"target\":[\"https:\/\/www.alsace-cce.com\/index.php\/2024\/04\/22\/assemblee-generale-alsace\/\"]}]},{\"@type\":\"ImageObject\",\"inLanguage\":\"fr-FR\",\"@id\":\"https:\/\/www.alsace-cce.com\/index.php\/2024\/04\/22\/assemblee-generale-alsace\/#primaryimage\",\"url\":\"https:\/\/www.alsace-cce.com\/wp-content\/uploads\/2024\/04\/1713536875739-1.jpeg\",\"contentUrl\":\"https:\/\/www.alsace-cce.com\/wp-content\/uploads\/2024\/04\/1713536875739-1.jpeg\",\"width\":2016,\"height\":1512},{\"@type\":\"BreadcrumbList\",\"@id\":\"https:\/\/www.alsace-cce.com\/index.php\/2024\/04\/22\/assemblee-generale-alsace\/#breadcrumb\",\"itemListElement\":[{\"@type\":\"ListItem\",\"position\":1,\"name\":\"Accueil\",\"item\":\"https:\/\/www.alsace-cce.com\/\"},{\"@type\":\"ListItem\",\"position\":2,\"name\":\"Assembl\u00e9e g\u00e9n\u00e9rale Alsace\"}]},{\"@type\":\"WebSite\",\"@id\":\"https:\/\/www.alsace-cce.com\/#website\",\"url\":\"https:\/\/www.alsace-cce.com\/\",\"name\":\"grandestcnccef\",\"description\":\"\",\"publisher\":{\"@id\":\"https:\/\/www.alsace-cce.com\/#organization\"},\"potentialAction\":[{\"@type\":\"SearchAction\",\"target\":{\"@type\":\"EntryPoint\",\"urlTemplate\":\"https:\/\/www.alsace-cce.com\/?s={search_term_string}\"},\"query-input\":{\"@type\":\"PropertyValueSpecification\",\"valueRequired\":true,\"valueName\":\"search_term_string\"}}],\"inLanguage\":\"fr-FR\"},{\"@type\":\"Organization\",\"@id\":\"https:\/\/www.alsace-cce.com\/#organization\",\"name\":\"CCE ALSACE\",\"url\":\"https:\/\/www.alsace-cce.com\/\",\"logo\":{\"@type\":\"ImageObject\",\"inLanguage\":\"fr-FR\",\"@id\":\"https:\/\/www.alsace-cce.com\/#\/schema\/logo\/image\/\",\"url\":\"https:\/\/www.alsace-cce.com\/wp-content\/uploads\/2024\/02\/logo-cce.png\",\"contentUrl\":\"https:\/\/www.alsace-cce.com\/wp-content\/uploads\/2024\/02\/logo-cce.png\",\"width\":256,\"height\":309,\"caption\":\"CCE ALSACE\"},\"image\":{\"@id\":\"https:\/\/www.alsace-cce.com\/#\/schema\/logo\/image\/\"}},{\"@type\":\"Person\",\"@id\":\"https:\/\/www.alsace-cce.com\/#\/schema\/person\/e7b81bc830a413692d6326cd0c384fe2\",\"name\":\"Lylou Modry\",\"image\":{\"@type\":\"ImageObject\",\"inLanguage\":\"fr-FR\",\"@id\":\"https:\/\/www.alsace-cce.com\/#\/schema\/person\/image\/\",\"url\":\"https:\/\/secure.gravatar.com\/avatar\/9a4318bc6ac951d0bf9b5edf491a670b8ebf2c6c54893192449f995baec9bcdc?s=96&d=mm&r=g\",\"contentUrl\":\"https:\/\/secure.gravatar.com\/avatar\/9a4318bc6ac951d0bf9b5edf491a670b8ebf2c6c54893192449f995baec9bcdc?s=96&d=mm&r=g\",\"caption\":\"Lylou Modry\"},\"url\":\"https:\/\/www.alsace-cce.com\/index.php\/author\/lylou\/\"}]}<\/script>\n<!-- \/ Yoast SEO plugin. -->","yoast_head_json":{"title":"Assembl\u00e9e g\u00e9n\u00e9rale Alsace - grandestcnccef","robots":{"index":"index","follow":"follow","max-snippet":"max-snippet:-1","max-image-preview":"max-image-preview:large","max-video-preview":"max-video-preview:-1"},"canonical":"https:\/\/www.alsace-cce.com\/index.php\/2024\/04\/22\/assemblee-generale-alsace\/","og_locale":"fr_FR","og_type":"article","og_title":"Assembl\u00e9e g\u00e9n\u00e9rale Alsace - grandestcnccef","og_description":"Le vendredi 19 avril a eu lieu notre assembl\u00e9e G\u00e9n\u00e9rale des CCE Alsace chez Soprema. Programme: &#8211;10h30\/11h00: Caf\u00e9 d&rsquo;accueil\u00a0 &#8211;11h00\/12h00: Assembl\u00e9e g\u00e9n\u00e9rale Alsace et\u00a0Pr\u00e9sentation des nouveaux membres de notre comit\u00e9 [&hellip;]","og_url":"https:\/\/www.alsace-cce.com\/index.php\/2024\/04\/22\/assemblee-generale-alsace\/","og_site_name":"grandestcnccef","article_published_time":"2024-04-22T14:11:04+00:00","article_modified_time":"2024-04-22T14:11:05+00:00","og_image":[{"width":2016,"height":1512,"url":"https:\/\/www.alsace-cce.com\/wp-content\/uploads\/2024\/04\/1713536875739-1.jpeg","type":"image\/jpeg"}],"author":"Lylou Modry","twitter_card":"summary_large_image","twitter_misc":{"\u00c9crit par":"Lylou Modry","Dur\u00e9e de lecture estim\u00e9e":"1 minute"},"schema":{"@context":"https:\/\/schema.org","@graph":[{"@type":"Article","@id":"https:\/\/www.alsace-cce.com\/index.php\/2024\/04\/22\/assemblee-generale-alsace\/#article","isPartOf":{"@id":"https:\/\/www.alsace-cce.com\/index.php\/2024\/04\/22\/assemblee-generale-alsace\/"},"author":{"name":"Lylou Modry","@id":"https:\/\/www.alsace-cce.com\/#\/schema\/person\/e7b81bc830a413692d6326cd0c384fe2"},"headline":"Assembl\u00e9e g\u00e9n\u00e9rale Alsace","datePublished":"2024-04-22T14:11:04+00:00","dateModified":"2024-04-22T14:11:05+00:00","mainEntityOfPage":{"@id":"https:\/\/www.alsace-cce.com\/index.php\/2024\/04\/22\/assemblee-generale-alsace\/"},"wordCount":148,"commentCount":0,"publisher":{"@id":"https:\/\/www.alsace-cce.com\/#organization"},"image":{"@id":"https:\/\/www.alsace-cce.com\/index.php\/2024\/04\/22\/assemblee-generale-alsace\/#primaryimage"},"thumbnailUrl":"https:\/\/www.alsace-cce.com\/wp-content\/uploads\/2024\/04\/1713536875739-1.jpeg","articleSection":["Blog"],"inLanguage":"fr-FR","potentialAction":[{"@type":"CommentAction","name":"Comment","target":["https:\/\/www.alsace-cce.com\/index.php\/2024\/04\/22\/assemblee-generale-alsace\/#respond"]}]},{"@type":"WebPage","@id":"https:\/\/www.alsace-cce.com\/index.php\/2024\/04\/22\/assemblee-generale-alsace\/","url":"https:\/\/www.alsace-cce.com\/index.php\/2024\/04\/22\/assemblee-generale-alsace\/","name":"Assembl\u00e9e g\u00e9n\u00e9rale Alsace - grandestcnccef","isPartOf":{"@id":"https:\/\/www.alsace-cce.com\/#website"},"primaryImageOfPage":{"@id":"https:\/\/www.alsace-cce.com\/index.php\/2024\/04\/22\/assemblee-generale-alsace\/#primaryimage"},"image":{"@id":"https:\/\/www.alsace-cce.com\/index.php\/2024\/04\/22\/assemblee-generale-alsace\/#primaryimage"},"thumbnailUrl":"https:\/\/www.alsace-cce.com\/wp-content\/uploads\/2024\/04\/1713536875739-1.jpeg","datePublished":"2024-04-22T14:11:04+00:00","dateModified":"2024-04-22T14:11:05+00:00","breadcrumb":{"@id":"https:\/\/www.alsace-cce.com\/index.php\/2024\/04\/22\/assemblee-generale-alsace\/#breadcrumb"},"inLanguage":"fr-FR","potentialAction":[{"@type":"ReadAction","target":["https:\/\/www.alsace-cce.com\/index.php\/2024\/04\/22\/assemblee-generale-alsace\/"]}]},{"@type":"ImageObject","inLanguage":"fr-FR","@id":"https:\/\/www.alsace-cce.com\/index.php\/2024\/04\/22\/assemblee-generale-alsace\/#primaryimage","url":"https:\/\/www.alsace-cce.com\/wp-content\/uploads\/2024\/04\/1713536875739-1.jpeg","contentUrl":"https:\/\/www.alsace-cce.com\/wp-content\/uploads\/2024\/04\/1713536875739-1.jpeg","width":2016,"height":1512},{"@type":"BreadcrumbList","@id":"https:\/\/www.alsace-cce.com\/index.php\/2024\/04\/22\/assemblee-generale-alsace\/#breadcrumb","itemListElement":[{"@type":"ListItem","position":1,"name":"Accueil","item":"https:\/\/www.alsace-cce.com\/"},{"@type":"ListItem","position":2,"name":"Assembl\u00e9e g\u00e9n\u00e9rale Alsace"}]},{"@type":"WebSite","@id":"https:\/\/www.alsace-cce.com\/#website","url":"https:\/\/www.alsace-cce.com\/","name":"grandestcnccef","description":"","publisher":{"@id":"https:\/\/www.alsace-cce.com\/#organization"},"potentialAction":[{"@type":"SearchAction","target":{"@type":"EntryPoint","urlTemplate":"https:\/\/www.alsace-cce.com\/?s={search_term_string}"},"query-input":{"@type":"PropertyValueSpecification","valueRequired":true,"valueName":"search_term_string"}}],"inLanguage":"fr-FR"},{"@type":"Organization","@id":"https:\/\/www.alsace-cce.com\/#organization","name":"CCE ALSACE","url":"https:\/\/www.alsace-cce.com\/","logo":{"@type":"ImageObject","inLanguage":"fr-FR","@id":"https:\/\/www.alsace-cce.com\/#\/schema\/logo\/image\/","url":"https:\/\/www.alsace-cce.com\/wp-content\/uploads\/2024\/02\/logo-cce.png","contentUrl":"https:\/\/www.alsace-cce.com\/wp-content\/uploads\/2024\/02\/logo-cce.png","width":256,"height":309,"caption":"CCE ALSACE"},"image":{"@id":"https:\/\/www.alsace-cce.com\/#\/schema\/logo\/image\/"}},{"@type":"Person","@id":"https:\/\/www.alsace-cce.com\/#\/schema\/person\/e7b81bc830a413692d6326cd0c384fe2","name":"Lylou Modry","image":{"@type":"ImageObject","inLanguage":"fr-FR","@id":"https:\/\/www.alsace-cce.com\/#\/schema\/person\/image\/","url":"https:\/\/secure.gravatar.com\/avatar\/9a4318bc6ac951d0bf9b5edf491a670b8ebf2c6c54893192449f995baec9bcdc?s=96&d=mm&r=g","contentUrl":"https:\/\/secure.gravatar.com\/avatar\/9a4318bc6ac951d0bf9b5edf491a670b8ebf2c6c54893192449f995baec9bcdc?s=96&d=mm&r=g","caption":"Lylou Modry"},"url":"https:\/\/www.alsace-cce.com\/index.php\/author\/lylou\/"}]}},"_links":{"self":[{"href":"https:\/\/www.alsace-cce.com\/index.php\/wp-json\/wp\/v2\/posts\/738","targetHints":{"allow":["GET"]}}],"collection":[{"href":"https:\/\/www.alsace-cce.com\/index.php\/wp-json\/wp\/v2\/posts"}],"about":[{"href":"https:\/\/www.alsace-cce.com\/index.php\/wp-json\/wp\/v2\/types\/post"}],"author":[{"embeddable":true,"href":"https:\/\/www.alsace-cce.com\/index.php\/wp-json\/wp\/v2\/users\/2"}],"replies":[{"embeddable":true,"href":"https:\/\/www.alsace-cce.com\/index.php\/wp-json\/wp\/v2\/comments?post=738"}],"version-history":[{"count":1,"href":"https:\/\/www.alsace-cce.com\/index.php\/wp-json\/wp\/v2\/posts\/738\/revisions"}],"predecessor-version":[{"id":741,"href":"https:\/\/www.alsace-cce.com\/index.php\/wp-json\/wp\/v2\/posts\/738\/revisions\/741"}],"wp:featuredmedia":[{"embeddable":true,"href":"https:\/\/www.alsace-cce.com\/index.php\/wp-json\/wp\/v2\/media\/740"}],"wp:attachment":[{"href":"https:\/\/www.alsace-cce.com\/index.php\/wp-json\/wp\/v2\/media?parent=738"}],"wp:term":[{"taxonomy":"category","embeddable":true,"href":"https:\/\/www.alsace-cce.com\/index.php\/wp-json\/wp\/v2\/categories?post=738"},{"taxonomy":"post_tag","embeddable":true,"href":"https:\/\/www.alsace-cce.com\/index.php\/wp-json\/wp\/v2\/tags?post=738"}],"curies":[{"name":"wp","href":"https:\/\/api.w.org\/{rel}","templated":true}]}}