{"id":486,"date":"2022-12-12T15:39:00","date_gmt":"2022-12-12T14:39:00","guid":{"rendered":"https:\/\/www.alsace-cce.com\/?p=486"},"modified":"2024-02-01T14:25:22","modified_gmt":"2024-02-01T13:25:22","slug":"le-mondial-des-cce","status":"publish","type":"post","link":"https:\/\/www.alsace-cce.com\/index.php\/2022\/12\/12\/le-mondial-des-cce\/","title":{"rendered":"Le Mondial des CCE"},"content":{"rendered":"\n<p id=\"ember2797\">\ud83d\udd19 Retour sur le Mondial des CCE !<\/p>\n\n\n\n<p id=\"ember2798\">Du 19 au 21 octobre 2022, les CCE ont organis\u00e9s un grand rassemblement mondial \u00e0 Monaco et Nice, sur le th\u00e8me \u00ab&nbsp;le bouleversement du monde, nouvelles cl\u00e9s pout nos entreprises&nbsp;\u00bb.<\/p>\n\n\n\n<p id=\"ember2799\">\ud83d\udccc Au programme:<\/p>\n\n\n\n<ul class=\"wp-block-list\">\n<li><strong>Mercredi 19 octobre<\/strong><\/li>\n<\/ul>\n\n\n\n<p id=\"ember2801\"><em>17h : Ouverture du Mondial<\/em><\/p>\n\n\n\n<p id=\"ember2802\">Le Mondial a \u00e9t\u00e9 ouvert par Alain Bentejac (Pr\u00e9sident du CNCCEF) apr\u00e8s un oratoire d\u2019une heure.<\/p>\n\n\n\n<p id=\"ember2803\"><em>18h15 : L&rsquo;urgence \u00e9cologique: les menaces, les opportunit\u00e9s, la capacit\u00e9 \u00e0 innover,&#8230;<\/em><\/p>\n\n\n\n<p id=\"ember2804\">\ud83d\udcac Tables rondes anim\u00e9es par <strong>Thierry BLANDINIERES<\/strong> (InViVo et CCE) <strong>Fr\u00e9d\u00e9ric GENTA<\/strong> (Gouvernement de Monaco), <strong>Brune POIRSON<\/strong> (Accor), <strong>Fran\u00e7ois HOEHLINGER<\/strong> (Troopy et CCE).<\/p>\n\n\n\n<p id=\"ember2805\">Pour finir la journ\u00e9e, une soir\u00e9e d&rsquo;ouverture s&rsquo;est tenue au bord de la piscine du M\u00e9ridien.<\/p>\n\n\n\n<figure class=\"wp-block-image\"><img decoding=\"async\" src=\"https:\/\/media.licdn.com\/dms\/image\/D4E12AQHEEdvwYTQlOA\/article-inline_image-shrink_1000_1488\/0\/1669229382281?e=1710979200&amp;v=beta&amp;t=cxq7s-kKGHJWi2V4hDuEdq78YZgc3HbS4HLxxGt8ds0\" alt=\"Aucun texte alternatif pour cette image\" \/><\/figure>\n\n\n\n<hr class=\"wp-block-separator has-alpha-channel-opacity\" \/>\n\n\n\n<ul class=\"wp-block-list\">\n<li><strong>Jeudi 20 octobre<\/strong><\/li>\n<\/ul>\n\n\n\n<p id=\"ember2808\"><em>8h30 : Bouleversement g\u00e9opolitiques et leurs cons\u00e9quences sur les entreprises.<\/em><\/p>\n\n\n\n<p id=\"ember2809\">\ud83d\udcac Tables rondes anim\u00e9es par <strong>Thomas Gomart <\/strong>(IFRI), <strong>Maurice Gourdault-Montage <\/strong>(Ambassadeur de France, Global Diwan)<strong>Amiral&nbsp;Stanislas Gourlez De La Motte <\/strong>(\u00c9tat-major des Arm\u00e9es), <strong>Catherine Guillouard, Philippe Le Corre <\/strong>(Harvard). Elles ont \u00e9t\u00e9 conclues par <strong>Roland Lescure<\/strong> (Ministre D\u00e9l\u00e9gu\u00e9 aupr\u00e8s du ministre de l\u2019\u00c9conomie, des Financeset de la Souverainet\u00e9 industrielle et num\u00e9rique, charg\u00e9 de l\u2019industrie).<\/p>\n\n\n\n<p id=\"ember2810\"><em>11h : L&rsquo;impact sur nos march\u00e9s cl\u00e9s de nos entreprises, les grands t\u00e9moins !<\/em><\/p>\n\n\n\n<p id=\"ember2811\">\ud83d\udcac Tables rondes sur les \u00e9nergies anim\u00e9es par <strong>Philippe Boucly <\/strong>(France Hydrog\u00e8ne),<strong> Claude Imauven <\/strong>(Orano), <strong>C\u00e9cile Previeu<\/strong> (ENGIE).<\/p>\n\n\n\n<p id=\"ember2812\">\ud83d\udcac Tables rondes sur les mati\u00e8res premi\u00e8res et l&rsquo;agroalimentaire anim\u00e9es par <strong>Florence Arnoux<\/strong> (CIS Catering &amp; CCE),<strong> Bruno Bouygues <\/strong>(GYS &amp; CCE),<strong> St\u00e9phane Michel <\/strong>(Ceresia &amp; CCE),<strong> Marie-Jos\u00e9 Navarre <\/strong>(Lohr &amp; CCE Alsace).<\/p>\n\n\n\n<figure class=\"wp-block-image\"><img decoding=\"async\" src=\"https:\/\/media.licdn.com\/dms\/image\/D4E12AQF8mhe2XuUBvQ\/article-inline_image-shrink_1000_1488\/0\/1669229311374?e=1710979200&amp;v=beta&amp;t=ovnASr6Yw3oixVZqwv6ZjRR8nk5E17y94dRevZ6-dCk\" alt=\"Aucun texte alternatif pour cette image\" \/><\/figure>\n\n\n\n<p id=\"ember2814\"><em>14h30 : La relation au travail a chang\u00e9 !<\/em><\/p>\n\n\n\n<p id=\"ember2815\">\ud83d\udcac Tables rondes anim\u00e9es par <strong>Maud Bailly<\/strong> (Accor),<strong> Yazid Chir <\/strong>(Nos Quartiers ont du Talent)<strong>, Fr\u00e9d\u00e9ric Grand <\/strong>(MSH)<strong>, Franck Ribuot <\/strong>(Randstad)<strong>, J\u00e9r\u00f4me De Lavergnolle <\/strong>(Cristalleries Saint Louis &amp; CCE)<\/p>\n\n\n\n<p id=\"ember2816\"><em>16h : La responsabilit\u00e9 des entreprises et des entrepreneurs<\/em><\/p>\n\n\n\n<p id=\"ember2817\">\ud83d\udcac Tables rondes anim\u00e9es par <strong>Gilles Bonnenfant <\/strong>(Eurogroup Consulting &amp; CCE), <strong>Yazid Chir <\/strong>(Nos Quartiers ont du Talent)<strong>, Soumia Malinbaum <\/strong>(Keyrus&amp; CCI Paris), <strong>Olivier Wenden <\/strong>(Fondation du Prince Albert II de Monaco).<\/p>\n\n\n\n<p id=\"ember2818\">Le soir les CCE du monde entier se sont r\u00e9unis lors d&rsquo;une soir\u00e9e de Gala au Sporting de Monte Carlo.<\/p>\n\n\n\n<figure class=\"wp-block-image\"><img decoding=\"async\" src=\"https:\/\/media.licdn.com\/dms\/image\/D4E12AQEIdEVrr_oy-g\/article-inline_image-shrink_1000_1488\/0\/1669225350041?e=1710979200&amp;v=beta&amp;t=qdqFOKwk1EtLBotAz-ioFtNIp64-3j1GsKmNz6Wneq4\" alt=\"Aucun texte alternatif pour cette image\" \/><\/figure>\n\n\n\n<hr class=\"wp-block-separator has-alpha-channel-opacity\" \/>\n\n\n\n<ul class=\"wp-block-list\">\n<li><strong>Vendredi 21 octobre<\/strong><\/li>\n<\/ul>\n\n\n\n<p id=\"ember2821\"><em>9h30 : Accueil par le Pr\u00e9sident de Nice M\u00e9tropole (Christian Estrosi)<\/em><\/p>\n\n\n\n<p id=\"ember2822\"><em>10h : Le d\u00e9fi de la Plan\u00e8te<\/em><\/p>\n\n\n\n<p id=\"ember2823\">Intervention de Betrand Picard; psychiatre, explorateur et environnementaliste<\/p>\n\n\n\n<p id=\"ember2824\"><em>10h45 : Le d\u00e9fi du num\u00e9rique<\/em><\/p>\n\n\n\n<p id=\"ember2825\">\ud83d\udcac Tables rondes anim\u00e9es par <strong>Anne Baer<\/strong> (Ikare Innovation &amp; CCE),<strong> Alexandre Pebereau <\/strong>(Tofane), <strong>Didier Trutt <\/strong>(IN Group &amp; CCE),<strong> Alexandre Zapolsky<\/strong> (Linagora)<\/p>\n\n\n\n<p id=\"ember2826\"><em>11h30 : Le d\u00e9fi mondial du business<\/em><\/p>\n\n\n\n<p id=\"ember2827\">\ud83d\udcac Tables rondes anim\u00e9es par <strong>Isabelle Braun-Lemaire<\/strong> (DG Douanes),<strong> Alain Di Crescenzo <\/strong>(CCI France)<strong> Pedro Novo <\/strong>(BPI France),<strong> Benoit Trivulce <\/strong>(Business France) et conclut par <strong>Olivier Becht<\/strong> (Ministre D\u00e9l\u00e9gu\u00e9 aupr\u00e8s de la ministre de l\u2019Europe et des Affaires \u00e9trang\u00e8res charg\u00e9 du Commerce ext\u00e9rieur, de l\u2019Attractivit\u00e9 et des fran\u00e7ais \u00e0 l\u2019\u00e9tranger).<\/p>\n\n\n\n<p id=\"ember2828\"><em>13h : Cl\u00f4ture du Mondial<\/em><\/p>\n\n\n\n<p id=\"ember2829\">Le Mondial a \u00e9t\u00e9 cl\u00f4tur\u00e9 par M. Alain Bentejac, pr\u00e9sident des CNCCEF., suivi par un d\u00e9jeuner.<\/p>\n\n\n\n<p id=\"ember2831\">Merci \u00e0 tous les CCE Alsace qui ont particip\u00e9 \u00e0 ce grand \u00e9v\u00e8nement !<\/p>\n\n\n\n<p id=\"ember2832\">Pour plus d&rsquo;informations sur les CCE Alsace \u27a1\ufe0f<a href=\"https:\/\/grandest.cnccef.org\/\"><strong>https:\/\/grandest.cnccef.org<\/strong><\/a><\/p>\n","protected":false},"excerpt":{"rendered":"<p>\ud83d\udd19 Retour sur le Mondial des CCE ! Du 19 au 21 octobre 2022, les CCE ont organis\u00e9s un grand rassemblement mondial \u00e0 Monaco et Nice, sur le th\u00e8me \u00ab&nbsp;le [&hellip;]<\/p>\n","protected":false},"author":2,"featured_media":551,"comment_status":"open","ping_status":"open","sticky":false,"template":"","format":"standard","meta":{"_et_pb_use_builder":"off","_et_pb_old_content":"","_et_gb_content_width":"","footnotes":""},"categories":[1],"tags":[],"class_list":["post-486","post","type-post","status-publish","format-standard","has-post-thumbnail","hentry","category-blog"],"yoast_head":"<!-- This site is optimized with the Yoast SEO plugin v24.2 - https:\/\/yoast.com\/wordpress\/plugins\/seo\/ -->\n<title>Le Mondial des CCE - grandestcnccef<\/title>\n<meta name=\"robots\" content=\"index, follow, max-snippet:-1, max-image-preview:large, max-video-preview:-1\" \/>\n<link rel=\"canonical\" href=\"https:\/\/www.alsace-cce.com\/index.php\/2022\/12\/12\/le-mondial-des-cce\/\" \/>\n<meta property=\"og:locale\" content=\"fr_FR\" \/>\n<meta property=\"og:type\" content=\"article\" \/>\n<meta property=\"og:title\" content=\"Le Mondial des CCE - grandestcnccef\" \/>\n<meta property=\"og:description\" content=\"\ud83d\udd19 Retour sur le Mondial des CCE ! Du 19 au 21 octobre 2022, les CCE ont organis\u00e9s un grand rassemblement mondial \u00e0 Monaco et Nice, sur le th\u00e8me \u00ab&nbsp;le [&hellip;]\" \/>\n<meta property=\"og:url\" content=\"https:\/\/www.alsace-cce.com\/index.php\/2022\/12\/12\/le-mondial-des-cce\/\" \/>\n<meta property=\"og:site_name\" content=\"grandestcnccef\" \/>\n<meta property=\"article:published_time\" content=\"2022-12-12T14:39:00+00:00\" \/>\n<meta property=\"article:modified_time\" content=\"2024-02-01T13:25:22+00:00\" \/>\n<meta property=\"og:image\" content=\"https:\/\/www.alsace-cce.com\/wp-content\/uploads\/2024\/01\/1669229475650.jpeg\" \/>\n\t<meta property=\"og:image:width\" content=\"1615\" \/>\n\t<meta property=\"og:image:height\" content=\"184\" \/>\n\t<meta property=\"og:image:type\" content=\"image\/jpeg\" \/>\n<meta name=\"author\" content=\"Lylou Modry\" \/>\n<meta name=\"twitter:card\" content=\"summary_large_image\" \/>\n<meta name=\"twitter:label1\" content=\"\u00c9crit par\" \/>\n\t<meta name=\"twitter:data1\" content=\"Lylou Modry\" \/>\n\t<meta name=\"twitter:label2\" content=\"Dur\u00e9e de lecture estim\u00e9e\" \/>\n\t<meta name=\"twitter:data2\" content=\"3 minutes\" \/>\n<script type=\"application\/ld+json\" class=\"yoast-schema-graph\">{\"@context\":\"https:\/\/schema.org\",\"@graph\":[{\"@type\":\"Article\",\"@id\":\"https:\/\/www.alsace-cce.com\/index.php\/2022\/12\/12\/le-mondial-des-cce\/#article\",\"isPartOf\":{\"@id\":\"https:\/\/www.alsace-cce.com\/index.php\/2022\/12\/12\/le-mondial-des-cce\/\"},\"author\":{\"name\":\"Lylou Modry\",\"@id\":\"https:\/\/www.alsace-cce.com\/#\/schema\/person\/e7b81bc830a413692d6326cd0c384fe2\"},\"headline\":\"Le Mondial des CCE\",\"datePublished\":\"2022-12-12T14:39:00+00:00\",\"dateModified\":\"2024-02-01T13:25:22+00:00\",\"mainEntityOfPage\":{\"@id\":\"https:\/\/www.alsace-cce.com\/index.php\/2022\/12\/12\/le-mondial-des-cce\/\"},\"wordCount\":546,\"commentCount\":0,\"publisher\":{\"@id\":\"https:\/\/www.alsace-cce.com\/#organization\"},\"image\":{\"@id\":\"https:\/\/www.alsace-cce.com\/index.php\/2022\/12\/12\/le-mondial-des-cce\/#primaryimage\"},\"thumbnailUrl\":\"https:\/\/www.alsace-cce.com\/wp-content\/uploads\/2024\/01\/1669229475650.jpeg\",\"articleSection\":[\"Blog\"],\"inLanguage\":\"fr-FR\",\"potentialAction\":[{\"@type\":\"CommentAction\",\"name\":\"Comment\",\"target\":[\"https:\/\/www.alsace-cce.com\/index.php\/2022\/12\/12\/le-mondial-des-cce\/#respond\"]}]},{\"@type\":\"WebPage\",\"@id\":\"https:\/\/www.alsace-cce.com\/index.php\/2022\/12\/12\/le-mondial-des-cce\/\",\"url\":\"https:\/\/www.alsace-cce.com\/index.php\/2022\/12\/12\/le-mondial-des-cce\/\",\"name\":\"Le Mondial des CCE - grandestcnccef\",\"isPartOf\":{\"@id\":\"https:\/\/www.alsace-cce.com\/#website\"},\"primaryImageOfPage\":{\"@id\":\"https:\/\/www.alsace-cce.com\/index.php\/2022\/12\/12\/le-mondial-des-cce\/#primaryimage\"},\"image\":{\"@id\":\"https:\/\/www.alsace-cce.com\/index.php\/2022\/12\/12\/le-mondial-des-cce\/#primaryimage\"},\"thumbnailUrl\":\"https:\/\/www.alsace-cce.com\/wp-content\/uploads\/2024\/01\/1669229475650.jpeg\",\"datePublished\":\"2022-12-12T14:39:00+00:00\",\"dateModified\":\"2024-02-01T13:25:22+00:00\",\"breadcrumb\":{\"@id\":\"https:\/\/www.alsace-cce.com\/index.php\/2022\/12\/12\/le-mondial-des-cce\/#breadcrumb\"},\"inLanguage\":\"fr-FR\",\"potentialAction\":[{\"@type\":\"ReadAction\",\"target\":[\"https:\/\/www.alsace-cce.com\/index.php\/2022\/12\/12\/le-mondial-des-cce\/\"]}]},{\"@type\":\"ImageObject\",\"inLanguage\":\"fr-FR\",\"@id\":\"https:\/\/www.alsace-cce.com\/index.php\/2022\/12\/12\/le-mondial-des-cce\/#primaryimage\",\"url\":\"https:\/\/www.alsace-cce.com\/wp-content\/uploads\/2024\/01\/1669229475650.jpeg\",\"contentUrl\":\"https:\/\/www.alsace-cce.com\/wp-content\/uploads\/2024\/01\/1669229475650.jpeg\",\"width\":1615,\"height\":184},{\"@type\":\"BreadcrumbList\",\"@id\":\"https:\/\/www.alsace-cce.com\/index.php\/2022\/12\/12\/le-mondial-des-cce\/#breadcrumb\",\"itemListElement\":[{\"@type\":\"ListItem\",\"position\":1,\"name\":\"Accueil\",\"item\":\"https:\/\/www.alsace-cce.com\/\"},{\"@type\":\"ListItem\",\"position\":2,\"name\":\"Le Mondial des CCE\"}]},{\"@type\":\"WebSite\",\"@id\":\"https:\/\/www.alsace-cce.com\/#website\",\"url\":\"https:\/\/www.alsace-cce.com\/\",\"name\":\"grandestcnccef\",\"description\":\"\",\"publisher\":{\"@id\":\"https:\/\/www.alsace-cce.com\/#organization\"},\"potentialAction\":[{\"@type\":\"SearchAction\",\"target\":{\"@type\":\"EntryPoint\",\"urlTemplate\":\"https:\/\/www.alsace-cce.com\/?s={search_term_string}\"},\"query-input\":{\"@type\":\"PropertyValueSpecification\",\"valueRequired\":true,\"valueName\":\"search_term_string\"}}],\"inLanguage\":\"fr-FR\"},{\"@type\":\"Organization\",\"@id\":\"https:\/\/www.alsace-cce.com\/#organization\",\"name\":\"CCE ALSACE\",\"url\":\"https:\/\/www.alsace-cce.com\/\",\"logo\":{\"@type\":\"ImageObject\",\"inLanguage\":\"fr-FR\",\"@id\":\"https:\/\/www.alsace-cce.com\/#\/schema\/logo\/image\/\",\"url\":\"https:\/\/www.alsace-cce.com\/wp-content\/uploads\/2024\/02\/logo-cce.png\",\"contentUrl\":\"https:\/\/www.alsace-cce.com\/wp-content\/uploads\/2024\/02\/logo-cce.png\",\"width\":256,\"height\":309,\"caption\":\"CCE ALSACE\"},\"image\":{\"@id\":\"https:\/\/www.alsace-cce.com\/#\/schema\/logo\/image\/\"}},{\"@type\":\"Person\",\"@id\":\"https:\/\/www.alsace-cce.com\/#\/schema\/person\/e7b81bc830a413692d6326cd0c384fe2\",\"name\":\"Lylou Modry\",\"image\":{\"@type\":\"ImageObject\",\"inLanguage\":\"fr-FR\",\"@id\":\"https:\/\/www.alsace-cce.com\/#\/schema\/person\/image\/\",\"url\":\"https:\/\/secure.gravatar.com\/avatar\/9a4318bc6ac951d0bf9b5edf491a670b8ebf2c6c54893192449f995baec9bcdc?s=96&d=mm&r=g\",\"contentUrl\":\"https:\/\/secure.gravatar.com\/avatar\/9a4318bc6ac951d0bf9b5edf491a670b8ebf2c6c54893192449f995baec9bcdc?s=96&d=mm&r=g\",\"caption\":\"Lylou Modry\"},\"url\":\"https:\/\/www.alsace-cce.com\/index.php\/author\/lylou\/\"}]}<\/script>\n<!-- \/ Yoast SEO plugin. -->","yoast_head_json":{"title":"Le Mondial des CCE - grandestcnccef","robots":{"index":"index","follow":"follow","max-snippet":"max-snippet:-1","max-image-preview":"max-image-preview:large","max-video-preview":"max-video-preview:-1"},"canonical":"https:\/\/www.alsace-cce.com\/index.php\/2022\/12\/12\/le-mondial-des-cce\/","og_locale":"fr_FR","og_type":"article","og_title":"Le Mondial des CCE - grandestcnccef","og_description":"\ud83d\udd19 Retour sur le Mondial des CCE ! Du 19 au 21 octobre 2022, les CCE ont organis\u00e9s un grand rassemblement mondial \u00e0 Monaco et Nice, sur le th\u00e8me \u00ab&nbsp;le [&hellip;]","og_url":"https:\/\/www.alsace-cce.com\/index.php\/2022\/12\/12\/le-mondial-des-cce\/","og_site_name":"grandestcnccef","article_published_time":"2022-12-12T14:39:00+00:00","article_modified_time":"2024-02-01T13:25:22+00:00","og_image":[{"width":1615,"height":184,"url":"https:\/\/www.alsace-cce.com\/wp-content\/uploads\/2024\/01\/1669229475650.jpeg","type":"image\/jpeg"}],"author":"Lylou Modry","twitter_card":"summary_large_image","twitter_misc":{"\u00c9crit par":"Lylou Modry","Dur\u00e9e de lecture estim\u00e9e":"3 minutes"},"schema":{"@context":"https:\/\/schema.org","@graph":[{"@type":"Article","@id":"https:\/\/www.alsace-cce.com\/index.php\/2022\/12\/12\/le-mondial-des-cce\/#article","isPartOf":{"@id":"https:\/\/www.alsace-cce.com\/index.php\/2022\/12\/12\/le-mondial-des-cce\/"},"author":{"name":"Lylou Modry","@id":"https:\/\/www.alsace-cce.com\/#\/schema\/person\/e7b81bc830a413692d6326cd0c384fe2"},"headline":"Le Mondial des CCE","datePublished":"2022-12-12T14:39:00+00:00","dateModified":"2024-02-01T13:25:22+00:00","mainEntityOfPage":{"@id":"https:\/\/www.alsace-cce.com\/index.php\/2022\/12\/12\/le-mondial-des-cce\/"},"wordCount":546,"commentCount":0,"publisher":{"@id":"https:\/\/www.alsace-cce.com\/#organization"},"image":{"@id":"https:\/\/www.alsace-cce.com\/index.php\/2022\/12\/12\/le-mondial-des-cce\/#primaryimage"},"thumbnailUrl":"https:\/\/www.alsace-cce.com\/wp-content\/uploads\/2024\/01\/1669229475650.jpeg","articleSection":["Blog"],"inLanguage":"fr-FR","potentialAction":[{"@type":"CommentAction","name":"Comment","target":["https:\/\/www.alsace-cce.com\/index.php\/2022\/12\/12\/le-mondial-des-cce\/#respond"]}]},{"@type":"WebPage","@id":"https:\/\/www.alsace-cce.com\/index.php\/2022\/12\/12\/le-mondial-des-cce\/","url":"https:\/\/www.alsace-cce.com\/index.php\/2022\/12\/12\/le-mondial-des-cce\/","name":"Le Mondial des CCE - grandestcnccef","isPartOf":{"@id":"https:\/\/www.alsace-cce.com\/#website"},"primaryImageOfPage":{"@id":"https:\/\/www.alsace-cce.com\/index.php\/2022\/12\/12\/le-mondial-des-cce\/#primaryimage"},"image":{"@id":"https:\/\/www.alsace-cce.com\/index.php\/2022\/12\/12\/le-mondial-des-cce\/#primaryimage"},"thumbnailUrl":"https:\/\/www.alsace-cce.com\/wp-content\/uploads\/2024\/01\/1669229475650.jpeg","datePublished":"2022-12-12T14:39:00+00:00","dateModified":"2024-02-01T13:25:22+00:00","breadcrumb":{"@id":"https:\/\/www.alsace-cce.com\/index.php\/2022\/12\/12\/le-mondial-des-cce\/#breadcrumb"},"inLanguage":"fr-FR","potentialAction":[{"@type":"ReadAction","target":["https:\/\/www.alsace-cce.com\/index.php\/2022\/12\/12\/le-mondial-des-cce\/"]}]},{"@type":"ImageObject","inLanguage":"fr-FR","@id":"https:\/\/www.alsace-cce.com\/index.php\/2022\/12\/12\/le-mondial-des-cce\/#primaryimage","url":"https:\/\/www.alsace-cce.com\/wp-content\/uploads\/2024\/01\/1669229475650.jpeg","contentUrl":"https:\/\/www.alsace-cce.com\/wp-content\/uploads\/2024\/01\/1669229475650.jpeg","width":1615,"height":184},{"@type":"BreadcrumbList","@id":"https:\/\/www.alsace-cce.com\/index.php\/2022\/12\/12\/le-mondial-des-cce\/#breadcrumb","itemListElement":[{"@type":"ListItem","position":1,"name":"Accueil","item":"https:\/\/www.alsace-cce.com\/"},{"@type":"ListItem","position":2,"name":"Le Mondial des CCE"}]},{"@type":"WebSite","@id":"https:\/\/www.alsace-cce.com\/#website","url":"https:\/\/www.alsace-cce.com\/","name":"grandestcnccef","description":"","publisher":{"@id":"https:\/\/www.alsace-cce.com\/#organization"},"potentialAction":[{"@type":"SearchAction","target":{"@type":"EntryPoint","urlTemplate":"https:\/\/www.alsace-cce.com\/?s={search_term_string}"},"query-input":{"@type":"PropertyValueSpecification","valueRequired":true,"valueName":"search_term_string"}}],"inLanguage":"fr-FR"},{"@type":"Organization","@id":"https:\/\/www.alsace-cce.com\/#organization","name":"CCE ALSACE","url":"https:\/\/www.alsace-cce.com\/","logo":{"@type":"ImageObject","inLanguage":"fr-FR","@id":"https:\/\/www.alsace-cce.com\/#\/schema\/logo\/image\/","url":"https:\/\/www.alsace-cce.com\/wp-content\/uploads\/2024\/02\/logo-cce.png","contentUrl":"https:\/\/www.alsace-cce.com\/wp-content\/uploads\/2024\/02\/logo-cce.png","width":256,"height":309,"caption":"CCE ALSACE"},"image":{"@id":"https:\/\/www.alsace-cce.com\/#\/schema\/logo\/image\/"}},{"@type":"Person","@id":"https:\/\/www.alsace-cce.com\/#\/schema\/person\/e7b81bc830a413692d6326cd0c384fe2","name":"Lylou Modry","image":{"@type":"ImageObject","inLanguage":"fr-FR","@id":"https:\/\/www.alsace-cce.com\/#\/schema\/person\/image\/","url":"https:\/\/secure.gravatar.com\/avatar\/9a4318bc6ac951d0bf9b5edf491a670b8ebf2c6c54893192449f995baec9bcdc?s=96&d=mm&r=g","contentUrl":"https:\/\/secure.gravatar.com\/avatar\/9a4318bc6ac951d0bf9b5edf491a670b8ebf2c6c54893192449f995baec9bcdc?s=96&d=mm&r=g","caption":"Lylou Modry"},"url":"https:\/\/www.alsace-cce.com\/index.php\/author\/lylou\/"}]}},"_links":{"self":[{"href":"https:\/\/www.alsace-cce.com\/index.php\/wp-json\/wp\/v2\/posts\/486","targetHints":{"allow":["GET"]}}],"collection":[{"href":"https:\/\/www.alsace-cce.com\/index.php\/wp-json\/wp\/v2\/posts"}],"about":[{"href":"https:\/\/www.alsace-cce.com\/index.php\/wp-json\/wp\/v2\/types\/post"}],"author":[{"embeddable":true,"href":"https:\/\/www.alsace-cce.com\/index.php\/wp-json\/wp\/v2\/users\/2"}],"replies":[{"embeddable":true,"href":"https:\/\/www.alsace-cce.com\/index.php\/wp-json\/wp\/v2\/comments?post=486"}],"version-history":[{"count":1,"href":"https:\/\/www.alsace-cce.com\/index.php\/wp-json\/wp\/v2\/posts\/486\/revisions"}],"predecessor-version":[{"id":487,"href":"https:\/\/www.alsace-cce.com\/index.php\/wp-json\/wp\/v2\/posts\/486\/revisions\/487"}],"wp:featuredmedia":[{"embeddable":true,"href":"https:\/\/www.alsace-cce.com\/index.php\/wp-json\/wp\/v2\/media\/551"}],"wp:attachment":[{"href":"https:\/\/www.alsace-cce.com\/index.php\/wp-json\/wp\/v2\/media?parent=486"}],"wp:term":[{"taxonomy":"category","embeddable":true,"href":"https:\/\/www.alsace-cce.com\/index.php\/wp-json\/wp\/v2\/categories?post=486"},{"taxonomy":"post_tag","embeddable":true,"href":"https:\/\/www.alsace-cce.com\/index.php\/wp-json\/wp\/v2\/tags?post=486"}],"curies":[{"name":"wp","href":"https:\/\/api.w.org\/{rel}","templated":true}]}}