{"id":484,"date":"2023-11-10T15:39:22","date_gmt":"2023-11-10T14:39:22","guid":{"rendered":"https:\/\/www.alsace-cce.com\/?p=484"},"modified":"2024-02-01T11:59:45","modified_gmt":"2024-02-01T10:59:45","slug":"etincelles-lancement-du-programme-daccompagnement-pour-les-pme-en-developpement","status":"publish","type":"post","link":"https:\/\/www.alsace-cce.com\/index.php\/2023\/11\/10\/etincelles-lancement-du-programme-daccompagnement-pour-les-pme-en-developpement\/","title":{"rendered":"ETIncelles &#8211; Lancement du programme d&rsquo;accompagnement pour les PME en d\u00e9veloppement"},"content":{"rendered":"\n[et_pb_section][et_pb_row][et_pb_column type=\u00a0\u00bb4_4&Prime;][et_pb_text]<!-- divi:paragraph -->\n<p id=\"ember2207\">Le programme ETIncelles lanc\u00e9 le 21 novembre \u00e0 l\u2019Elys\u00e9es, pilot\u00e9 par la DGE, est n\u00e9 du constat : le nombre d\u2019Entreprises de Taille Interm\u00e9diaire (ETI) en France est encore faible en comparaison avec les pays voisins.<\/p>\n<!-- \/divi:paragraph -->\n\n<!-- divi:paragraph -->\n<p id=\"ember2208\"><strong>Objectif&nbsp;:<\/strong> Accompagner 500 PME d\u2019ici la fin du quinquennat.<\/p>\n<!-- \/divi:paragraph -->\n\n<!-- divi:paragraph -->\n<p id=\"ember2209\"><strong>Programme&nbsp;:<\/strong> <strong>Accompagner au mieux les PME qui ont le potentiel et la volont\u00e9 de devenir des ETI<\/strong> en identifiant notamment les freins administratifs \u00e0 leur croissance pour mieux les lever et dans les meilleurs d\u00e9lais.<\/p>\n<!-- \/divi:paragraph -->\n\n<!-- divi:paragraph -->\n<p id=\"ember2210\">Les entreprises candidates sont s\u00e9lectionn\u00e9es selon 4 crit\u00e8res&nbsp;:<\/p>\n<!-- \/divi:paragraph -->\n\n<!-- divi:list {\"ordered\":true} -->\n<ol><!-- divi:list-item -->\n<li>Etre en forte croissance et continuer \u00e0 se d\u00e9velopper pour devenir une ETI<\/li>\n<!-- \/divi:list-item -->\n\n<!-- divi:list-item -->\n<li>Avoir un effectif compris entre 60 et 220 salari\u00e9s<\/li>\n<!-- \/divi:list-item -->\n\n<!-- divi:list-item -->\n<li>Etre pr\u00e9sent ou vouloir se d\u00e9velopper \u00e0 l\u2019international<\/li>\n<!-- \/divi:list-item -->\n\n<!-- divi:list-item -->\n<li>Consacrer une part importante des d\u00e9penses \u00e0 la recherche et au d\u00e9veloppement (R&amp;D)<\/li>\n<!-- \/divi:list-item --><\/ol>\n<!-- \/divi:list -->\n\n<!-- divi:paragraph -->\n<p id=\"ember2212\">Si vous \u00eates int\u00e9ress\u00e9 pour en savoir plus voire candidater,<strong> <\/strong><a href=\"https:\/\/www.entreprises.gouv.fr\/fr\/aides-et-financement\/se-faire-accompagner\/programme-etincelles-accompagner-petites-et-moyennes-entreprises-dans-croissance\"><strong>cliquer ICI<\/strong><\/a><\/p>\n<!-- \/divi:paragraph -->\n\n<!-- divi:paragraph -->\n<p id=\"ember2213\"><strong>Et un contact d\u00e9di\u00e9 \u00e0 la DGE&nbsp;: etincelles.dge@finance.gouv<\/strong><\/p>\n<!-- \/divi:paragraph -->[\/et_pb_text][\/et_pb_column][\/et_pb_row][\/et_pb_section]\n","protected":false},"excerpt":{"rendered":"<p><div class=\"et_pb_section et_pb_section_0 et_section_regular\" >\n\t\t\t\t\n\t\t\t\t\n\t\t\t\t\n\t\t\t\t\n\t\t\t\t\n\t\t\t\t\n\t\t\t\t\n\t\t\t\t\n\t\t\t\t\n\t\t\t<\/div><div class=\"et_pb_row et_pb_row_0 et_pb_row_empty\">\n\t\t\t\t\n\t\t\t\t\n\t\t\t\t\n\t\t\t\t\n\t\t\t\t\n\t\t\t<\/div><div class=\"et_pb_module et_pb_text et_pb_text_0  et_pb_text_align_left et_pb_bg_layout_light\">\n\t\t\t\t\n\t\t\t\t\n\t\t\t\t\n\t\t\t\t\n\t\t\t\t\n\t\t\t<\/div> Le programme ETIncelles lanc\u00e9 le 21 novembre \u00e0 l\u2019Elys\u00e9es, pilot\u00e9 par la DGE, est n\u00e9 du constat : le nombre d\u2019Entreprises de Taille Interm\u00e9diaire (ETI) en France est encore faible en comparaison avec les pays voisins. Objectif&nbsp;: Accompagner 500 PME d\u2019ici la fin du quinquennat. Programme&nbsp;: Accompagner au mieux les PME qui ont le potentiel et la volont\u00e9 de devenir des ETI en identifiant notamment les freins administratifs \u00e0 leur croissance pour mieux les lever et dans les meilleurs d\u00e9lais. Les entreprises candidates sont s\u00e9lectionn\u00e9es selon 4 crit\u00e8res&nbsp;: Etre en forte croissance et continuer \u00e0 se d\u00e9velopper pour devenir une ETI Avoir un effectif compris entre 60 et 220 salari\u00e9s Etre pr\u00e9sent ou vouloir se d\u00e9velopper \u00e0 l\u2019international Consacrer une part importante des d\u00e9penses \u00e0 la recherche et au d\u00e9veloppement (R&amp;D) Si vous \u00eates int\u00e9ress\u00e9 pour en savoir plus voire candidater, cliquer ICI Et un contact d\u00e9di\u00e9 \u00e0 la DGE&nbsp;: etincelles.dge@finance.gouv<\/p>\n","protected":false},"author":2,"featured_media":547,"comment_status":"open","ping_status":"open","sticky":false,"template":"","format":"standard","meta":{"_et_pb_use_builder":"on","_et_pb_old_content":"<!-- wp:paragraph -->\n<p id=\"ember2207\">Le programme ETIncelles lanc\u00e9 le 21 novembre \u00e0 l\u2019Elys\u00e9es, pilot\u00e9 par la DGE, est n\u00e9 du constat : le nombre d\u2019Entreprises de Taille Interm\u00e9diaire (ETI) en France est encore faible en comparaison avec les pays voisins.<\/p>\n<!-- \/wp:paragraph -->\n\n<!-- wp:paragraph -->\n<p id=\"ember2208\"><strong>Objectif&nbsp;:<\/strong> Accompagner 500 PME d\u2019ici la fin du quinquennat.<\/p>\n<!-- \/wp:paragraph -->\n\n<!-- wp:paragraph -->\n<p id=\"ember2209\"><strong>Programme&nbsp;:<\/strong> <strong>Accompagner au mieux les PME qui ont le potentiel et la volont\u00e9 de devenir des ETI<\/strong> en identifiant notamment les freins administratifs \u00e0 leur croissance pour mieux les lever et dans les meilleurs d\u00e9lais.<\/p>\n<!-- \/wp:paragraph -->\n\n<!-- wp:paragraph -->\n<p id=\"ember2210\">Les entreprises candidates sont s\u00e9lectionn\u00e9es selon 4 crit\u00e8res&nbsp;:<\/p>\n<!-- \/wp:paragraph -->\n\n<!-- wp:list {\"ordered\":true} -->\n<ol><!-- wp:list-item -->\n<li>Etre en forte croissance et continuer \u00e0 se d\u00e9velopper pour devenir une ETI<\/li>\n<!-- \/wp:list-item -->\n\n<!-- wp:list-item -->\n<li>Avoir un effectif compris entre 60 et 220 salari\u00e9s<\/li>\n<!-- \/wp:list-item -->\n\n<!-- wp:list-item -->\n<li>Etre pr\u00e9sent ou vouloir se d\u00e9velopper \u00e0 l\u2019international<\/li>\n<!-- \/wp:list-item -->\n\n<!-- wp:list-item -->\n<li>Consacrer une part importante des d\u00e9penses \u00e0 la recherche et au d\u00e9veloppement (R&amp;D)<\/li>\n<!-- \/wp:list-item --><\/ol>\n<!-- \/wp:list -->\n\n<!-- wp:paragraph -->\n<p id=\"ember2212\">Si vous \u00eates int\u00e9ress\u00e9 pour en savoir plus voire candidater,<strong> <\/strong><a href=\"https:\/\/www.entreprises.gouv.fr\/fr\/aides-et-financement\/se-faire-accompagner\/programme-etincelles-accompagner-petites-et-moyennes-entreprises-dans-croissance\"><strong>cliquer ICI<\/strong><\/a><\/p>\n<!-- \/wp:paragraph -->\n\n<!-- wp:paragraph -->\n<p id=\"ember2213\"><strong>Et un contact d\u00e9di\u00e9 \u00e0 la DGE&nbsp;: etincelles.dge@finance.gouv<\/strong><\/p>\n<!-- \/wp:paragraph -->","_et_gb_content_width":"","footnotes":""},"categories":[1],"tags":[],"class_list":["post-484","post","type-post","status-publish","format-standard","has-post-thumbnail","hentry","category-blog"],"yoast_head":"<!-- This site is optimized with the Yoast SEO plugin v24.2 - https:\/\/yoast.com\/wordpress\/plugins\/seo\/ -->\n<title>ETIncelles - Lancement du programme d&#039;accompagnement pour les PME en d\u00e9veloppement - grandestcnccef<\/title>\n<meta name=\"robots\" content=\"index, follow, max-snippet:-1, max-image-preview:large, max-video-preview:-1\" \/>\n<link rel=\"canonical\" href=\"https:\/\/www.alsace-cce.com\/index.php\/2023\/11\/10\/etincelles-lancement-du-programme-daccompagnement-pour-les-pme-en-developpement\/\" \/>\n<meta property=\"og:locale\" content=\"fr_FR\" \/>\n<meta property=\"og:type\" content=\"article\" \/>\n<meta property=\"og:title\" content=\"ETIncelles - Lancement du programme d&#039;accompagnement pour les PME en d\u00e9veloppement - grandestcnccef\" \/>\n<meta property=\"og:description\" content=\"Le programme ETIncelles lanc\u00e9 le 21 novembre \u00e0 l\u2019Elys\u00e9es, pilot\u00e9 par la DGE, est n\u00e9 du constat : le nombre d\u2019Entreprises de Taille Interm\u00e9diaire (ETI) en France est encore faible en comparaison avec les pays voisins. Objectif&nbsp;: Accompagner 500 PME d\u2019ici la fin du quinquennat. Programme&nbsp;: Accompagner au mieux les PME qui ont le potentiel et la volont\u00e9 de devenir des ETI en identifiant notamment les freins administratifs \u00e0 leur croissance pour mieux les lever et dans les meilleurs d\u00e9lais. Les entreprises candidates sont s\u00e9lectionn\u00e9es selon 4 crit\u00e8res&nbsp;: Etre en forte croissance et continuer \u00e0 se d\u00e9velopper pour devenir une ETI Avoir un effectif compris entre 60 et 220 salari\u00e9s Etre pr\u00e9sent ou vouloir se d\u00e9velopper \u00e0 l\u2019international Consacrer une part importante des d\u00e9penses \u00e0 la recherche et au d\u00e9veloppement (R&amp;D) Si vous \u00eates int\u00e9ress\u00e9 pour en savoir plus voire candidater, cliquer ICI Et un contact d\u00e9di\u00e9 \u00e0 la DGE&nbsp;: etincelles.dge@finance.gouv\" \/>\n<meta property=\"og:url\" content=\"https:\/\/www.alsace-cce.com\/index.php\/2023\/11\/10\/etincelles-lancement-du-programme-daccompagnement-pour-les-pme-en-developpement\/\" \/>\n<meta property=\"og:site_name\" content=\"grandestcnccef\" \/>\n<meta property=\"article:published_time\" content=\"2023-11-10T14:39:22+00:00\" \/>\n<meta property=\"article:modified_time\" content=\"2024-02-01T10:59:45+00:00\" \/>\n<meta property=\"og:image\" content=\"https:\/\/www.alsace-cce.com\/wp-content\/uploads\/2024\/01\/logo-etincelles.png\" \/>\n\t<meta property=\"og:image:width\" content=\"320\" \/>\n\t<meta property=\"og:image:height\" content=\"230\" \/>\n\t<meta property=\"og:image:type\" content=\"image\/png\" \/>\n<meta name=\"author\" content=\"Lylou Modry\" \/>\n<meta name=\"twitter:card\" content=\"summary_large_image\" \/>\n<meta name=\"twitter:label1\" content=\"\u00c9crit par\" \/>\n\t<meta name=\"twitter:data1\" content=\"Lylou Modry\" \/>\n\t<meta name=\"twitter:label2\" content=\"Dur\u00e9e de lecture estim\u00e9e\" \/>\n\t<meta name=\"twitter:data2\" content=\"1 minute\" \/>\n<script type=\"application\/ld+json\" class=\"yoast-schema-graph\">{\"@context\":\"https:\/\/schema.org\",\"@graph\":[{\"@type\":\"Article\",\"@id\":\"https:\/\/www.alsace-cce.com\/index.php\/2023\/11\/10\/etincelles-lancement-du-programme-daccompagnement-pour-les-pme-en-developpement\/#article\",\"isPartOf\":{\"@id\":\"https:\/\/www.alsace-cce.com\/index.php\/2023\/11\/10\/etincelles-lancement-du-programme-daccompagnement-pour-les-pme-en-developpement\/\"},\"author\":{\"name\":\"Lylou Modry\",\"@id\":\"https:\/\/www.alsace-cce.com\/#\/schema\/person\/e7b81bc830a413692d6326cd0c384fe2\"},\"headline\":\"ETIncelles &#8211; Lancement du programme d&rsquo;accompagnement pour les PME en d\u00e9veloppement\",\"datePublished\":\"2023-11-10T14:39:22+00:00\",\"dateModified\":\"2024-02-01T10:59:45+00:00\",\"mainEntityOfPage\":{\"@id\":\"https:\/\/www.alsace-cce.com\/index.php\/2023\/11\/10\/etincelles-lancement-du-programme-daccompagnement-pour-les-pme-en-developpement\/\"},\"wordCount\":203,\"commentCount\":0,\"publisher\":{\"@id\":\"https:\/\/www.alsace-cce.com\/#organization\"},\"image\":{\"@id\":\"https:\/\/www.alsace-cce.com\/index.php\/2023\/11\/10\/etincelles-lancement-du-programme-daccompagnement-pour-les-pme-en-developpement\/#primaryimage\"},\"thumbnailUrl\":\"https:\/\/www.alsace-cce.com\/wp-content\/uploads\/2024\/01\/logo-etincelles.png\",\"articleSection\":[\"Blog\"],\"inLanguage\":\"fr-FR\",\"potentialAction\":[{\"@type\":\"CommentAction\",\"name\":\"Comment\",\"target\":[\"https:\/\/www.alsace-cce.com\/index.php\/2023\/11\/10\/etincelles-lancement-du-programme-daccompagnement-pour-les-pme-en-developpement\/#respond\"]}]},{\"@type\":\"WebPage\",\"@id\":\"https:\/\/www.alsace-cce.com\/index.php\/2023\/11\/10\/etincelles-lancement-du-programme-daccompagnement-pour-les-pme-en-developpement\/\",\"url\":\"https:\/\/www.alsace-cce.com\/index.php\/2023\/11\/10\/etincelles-lancement-du-programme-daccompagnement-pour-les-pme-en-developpement\/\",\"name\":\"ETIncelles - Lancement du programme d'accompagnement pour les PME en d\u00e9veloppement - grandestcnccef\",\"isPartOf\":{\"@id\":\"https:\/\/www.alsace-cce.com\/#website\"},\"primaryImageOfPage\":{\"@id\":\"https:\/\/www.alsace-cce.com\/index.php\/2023\/11\/10\/etincelles-lancement-du-programme-daccompagnement-pour-les-pme-en-developpement\/#primaryimage\"},\"image\":{\"@id\":\"https:\/\/www.alsace-cce.com\/index.php\/2023\/11\/10\/etincelles-lancement-du-programme-daccompagnement-pour-les-pme-en-developpement\/#primaryimage\"},\"thumbnailUrl\":\"https:\/\/www.alsace-cce.com\/wp-content\/uploads\/2024\/01\/logo-etincelles.png\",\"datePublished\":\"2023-11-10T14:39:22+00:00\",\"dateModified\":\"2024-02-01T10:59:45+00:00\",\"breadcrumb\":{\"@id\":\"https:\/\/www.alsace-cce.com\/index.php\/2023\/11\/10\/etincelles-lancement-du-programme-daccompagnement-pour-les-pme-en-developpement\/#breadcrumb\"},\"inLanguage\":\"fr-FR\",\"potentialAction\":[{\"@type\":\"ReadAction\",\"target\":[\"https:\/\/www.alsace-cce.com\/index.php\/2023\/11\/10\/etincelles-lancement-du-programme-daccompagnement-pour-les-pme-en-developpement\/\"]}]},{\"@type\":\"ImageObject\",\"inLanguage\":\"fr-FR\",\"@id\":\"https:\/\/www.alsace-cce.com\/index.php\/2023\/11\/10\/etincelles-lancement-du-programme-daccompagnement-pour-les-pme-en-developpement\/#primaryimage\",\"url\":\"https:\/\/www.alsace-cce.com\/wp-content\/uploads\/2024\/01\/logo-etincelles.png\",\"contentUrl\":\"https:\/\/www.alsace-cce.com\/wp-content\/uploads\/2024\/01\/logo-etincelles.png\",\"width\":320,\"height\":230},{\"@type\":\"BreadcrumbList\",\"@id\":\"https:\/\/www.alsace-cce.com\/index.php\/2023\/11\/10\/etincelles-lancement-du-programme-daccompagnement-pour-les-pme-en-developpement\/#breadcrumb\",\"itemListElement\":[{\"@type\":\"ListItem\",\"position\":1,\"name\":\"Accueil\",\"item\":\"https:\/\/www.alsace-cce.com\/\"},{\"@type\":\"ListItem\",\"position\":2,\"name\":\"ETIncelles &#8211; Lancement du programme d&rsquo;accompagnement pour les PME en d\u00e9veloppement\"}]},{\"@type\":\"WebSite\",\"@id\":\"https:\/\/www.alsace-cce.com\/#website\",\"url\":\"https:\/\/www.alsace-cce.com\/\",\"name\":\"grandestcnccef\",\"description\":\"\",\"publisher\":{\"@id\":\"https:\/\/www.alsace-cce.com\/#organization\"},\"potentialAction\":[{\"@type\":\"SearchAction\",\"target\":{\"@type\":\"EntryPoint\",\"urlTemplate\":\"https:\/\/www.alsace-cce.com\/?s={search_term_string}\"},\"query-input\":{\"@type\":\"PropertyValueSpecification\",\"valueRequired\":true,\"valueName\":\"search_term_string\"}}],\"inLanguage\":\"fr-FR\"},{\"@type\":\"Organization\",\"@id\":\"https:\/\/www.alsace-cce.com\/#organization\",\"name\":\"CCE ALSACE\",\"url\":\"https:\/\/www.alsace-cce.com\/\",\"logo\":{\"@type\":\"ImageObject\",\"inLanguage\":\"fr-FR\",\"@id\":\"https:\/\/www.alsace-cce.com\/#\/schema\/logo\/image\/\",\"url\":\"https:\/\/www.alsace-cce.com\/wp-content\/uploads\/2024\/02\/logo-cce.png\",\"contentUrl\":\"https:\/\/www.alsace-cce.com\/wp-content\/uploads\/2024\/02\/logo-cce.png\",\"width\":256,\"height\":309,\"caption\":\"CCE ALSACE\"},\"image\":{\"@id\":\"https:\/\/www.alsace-cce.com\/#\/schema\/logo\/image\/\"}},{\"@type\":\"Person\",\"@id\":\"https:\/\/www.alsace-cce.com\/#\/schema\/person\/e7b81bc830a413692d6326cd0c384fe2\",\"name\":\"Lylou Modry\",\"image\":{\"@type\":\"ImageObject\",\"inLanguage\":\"fr-FR\",\"@id\":\"https:\/\/www.alsace-cce.com\/#\/schema\/person\/image\/\",\"url\":\"https:\/\/secure.gravatar.com\/avatar\/9a4318bc6ac951d0bf9b5edf491a670b8ebf2c6c54893192449f995baec9bcdc?s=96&d=mm&r=g\",\"contentUrl\":\"https:\/\/secure.gravatar.com\/avatar\/9a4318bc6ac951d0bf9b5edf491a670b8ebf2c6c54893192449f995baec9bcdc?s=96&d=mm&r=g\",\"caption\":\"Lylou Modry\"},\"url\":\"https:\/\/www.alsace-cce.com\/index.php\/author\/lylou\/\"}]}<\/script>\n<!-- \/ Yoast SEO plugin. -->","yoast_head_json":{"title":"ETIncelles - Lancement du programme d'accompagnement pour les PME en d\u00e9veloppement - grandestcnccef","robots":{"index":"index","follow":"follow","max-snippet":"max-snippet:-1","max-image-preview":"max-image-preview:large","max-video-preview":"max-video-preview:-1"},"canonical":"https:\/\/www.alsace-cce.com\/index.php\/2023\/11\/10\/etincelles-lancement-du-programme-daccompagnement-pour-les-pme-en-developpement\/","og_locale":"fr_FR","og_type":"article","og_title":"ETIncelles - Lancement du programme d'accompagnement pour les PME en d\u00e9veloppement - grandestcnccef","og_description":"Le programme ETIncelles lanc\u00e9 le 21 novembre \u00e0 l\u2019Elys\u00e9es, pilot\u00e9 par la DGE, est n\u00e9 du constat : le nombre d\u2019Entreprises de Taille Interm\u00e9diaire (ETI) en France est encore faible en comparaison avec les pays voisins. Objectif&nbsp;: Accompagner 500 PME d\u2019ici la fin du quinquennat. Programme&nbsp;: Accompagner au mieux les PME qui ont le potentiel et la volont\u00e9 de devenir des ETI en identifiant notamment les freins administratifs \u00e0 leur croissance pour mieux les lever et dans les meilleurs d\u00e9lais. Les entreprises candidates sont s\u00e9lectionn\u00e9es selon 4 crit\u00e8res&nbsp;: Etre en forte croissance et continuer \u00e0 se d\u00e9velopper pour devenir une ETI Avoir un effectif compris entre 60 et 220 salari\u00e9s Etre pr\u00e9sent ou vouloir se d\u00e9velopper \u00e0 l\u2019international Consacrer une part importante des d\u00e9penses \u00e0 la recherche et au d\u00e9veloppement (R&amp;D) Si vous \u00eates int\u00e9ress\u00e9 pour en savoir plus voire candidater, cliquer ICI Et un contact d\u00e9di\u00e9 \u00e0 la DGE&nbsp;: etincelles.dge@finance.gouv","og_url":"https:\/\/www.alsace-cce.com\/index.php\/2023\/11\/10\/etincelles-lancement-du-programme-daccompagnement-pour-les-pme-en-developpement\/","og_site_name":"grandestcnccef","article_published_time":"2023-11-10T14:39:22+00:00","article_modified_time":"2024-02-01T10:59:45+00:00","og_image":[{"width":320,"height":230,"url":"https:\/\/www.alsace-cce.com\/wp-content\/uploads\/2024\/01\/logo-etincelles.png","type":"image\/png"}],"author":"Lylou Modry","twitter_card":"summary_large_image","twitter_misc":{"\u00c9crit par":"Lylou Modry","Dur\u00e9e de lecture estim\u00e9e":"1 minute"},"schema":{"@context":"https:\/\/schema.org","@graph":[{"@type":"Article","@id":"https:\/\/www.alsace-cce.com\/index.php\/2023\/11\/10\/etincelles-lancement-du-programme-daccompagnement-pour-les-pme-en-developpement\/#article","isPartOf":{"@id":"https:\/\/www.alsace-cce.com\/index.php\/2023\/11\/10\/etincelles-lancement-du-programme-daccompagnement-pour-les-pme-en-developpement\/"},"author":{"name":"Lylou Modry","@id":"https:\/\/www.alsace-cce.com\/#\/schema\/person\/e7b81bc830a413692d6326cd0c384fe2"},"headline":"ETIncelles &#8211; Lancement du programme d&rsquo;accompagnement pour les PME en d\u00e9veloppement","datePublished":"2023-11-10T14:39:22+00:00","dateModified":"2024-02-01T10:59:45+00:00","mainEntityOfPage":{"@id":"https:\/\/www.alsace-cce.com\/index.php\/2023\/11\/10\/etincelles-lancement-du-programme-daccompagnement-pour-les-pme-en-developpement\/"},"wordCount":203,"commentCount":0,"publisher":{"@id":"https:\/\/www.alsace-cce.com\/#organization"},"image":{"@id":"https:\/\/www.alsace-cce.com\/index.php\/2023\/11\/10\/etincelles-lancement-du-programme-daccompagnement-pour-les-pme-en-developpement\/#primaryimage"},"thumbnailUrl":"https:\/\/www.alsace-cce.com\/wp-content\/uploads\/2024\/01\/logo-etincelles.png","articleSection":["Blog"],"inLanguage":"fr-FR","potentialAction":[{"@type":"CommentAction","name":"Comment","target":["https:\/\/www.alsace-cce.com\/index.php\/2023\/11\/10\/etincelles-lancement-du-programme-daccompagnement-pour-les-pme-en-developpement\/#respond"]}]},{"@type":"WebPage","@id":"https:\/\/www.alsace-cce.com\/index.php\/2023\/11\/10\/etincelles-lancement-du-programme-daccompagnement-pour-les-pme-en-developpement\/","url":"https:\/\/www.alsace-cce.com\/index.php\/2023\/11\/10\/etincelles-lancement-du-programme-daccompagnement-pour-les-pme-en-developpement\/","name":"ETIncelles - Lancement du programme d'accompagnement pour les PME en d\u00e9veloppement - grandestcnccef","isPartOf":{"@id":"https:\/\/www.alsace-cce.com\/#website"},"primaryImageOfPage":{"@id":"https:\/\/www.alsace-cce.com\/index.php\/2023\/11\/10\/etincelles-lancement-du-programme-daccompagnement-pour-les-pme-en-developpement\/#primaryimage"},"image":{"@id":"https:\/\/www.alsace-cce.com\/index.php\/2023\/11\/10\/etincelles-lancement-du-programme-daccompagnement-pour-les-pme-en-developpement\/#primaryimage"},"thumbnailUrl":"https:\/\/www.alsace-cce.com\/wp-content\/uploads\/2024\/01\/logo-etincelles.png","datePublished":"2023-11-10T14:39:22+00:00","dateModified":"2024-02-01T10:59:45+00:00","breadcrumb":{"@id":"https:\/\/www.alsace-cce.com\/index.php\/2023\/11\/10\/etincelles-lancement-du-programme-daccompagnement-pour-les-pme-en-developpement\/#breadcrumb"},"inLanguage":"fr-FR","potentialAction":[{"@type":"ReadAction","target":["https:\/\/www.alsace-cce.com\/index.php\/2023\/11\/10\/etincelles-lancement-du-programme-daccompagnement-pour-les-pme-en-developpement\/"]}]},{"@type":"ImageObject","inLanguage":"fr-FR","@id":"https:\/\/www.alsace-cce.com\/index.php\/2023\/11\/10\/etincelles-lancement-du-programme-daccompagnement-pour-les-pme-en-developpement\/#primaryimage","url":"https:\/\/www.alsace-cce.com\/wp-content\/uploads\/2024\/01\/logo-etincelles.png","contentUrl":"https:\/\/www.alsace-cce.com\/wp-content\/uploads\/2024\/01\/logo-etincelles.png","width":320,"height":230},{"@type":"BreadcrumbList","@id":"https:\/\/www.alsace-cce.com\/index.php\/2023\/11\/10\/etincelles-lancement-du-programme-daccompagnement-pour-les-pme-en-developpement\/#breadcrumb","itemListElement":[{"@type":"ListItem","position":1,"name":"Accueil","item":"https:\/\/www.alsace-cce.com\/"},{"@type":"ListItem","position":2,"name":"ETIncelles &#8211; Lancement du programme d&rsquo;accompagnement pour les PME en d\u00e9veloppement"}]},{"@type":"WebSite","@id":"https:\/\/www.alsace-cce.com\/#website","url":"https:\/\/www.alsace-cce.com\/","name":"grandestcnccef","description":"","publisher":{"@id":"https:\/\/www.alsace-cce.com\/#organization"},"potentialAction":[{"@type":"SearchAction","target":{"@type":"EntryPoint","urlTemplate":"https:\/\/www.alsace-cce.com\/?s={search_term_string}"},"query-input":{"@type":"PropertyValueSpecification","valueRequired":true,"valueName":"search_term_string"}}],"inLanguage":"fr-FR"},{"@type":"Organization","@id":"https:\/\/www.alsace-cce.com\/#organization","name":"CCE ALSACE","url":"https:\/\/www.alsace-cce.com\/","logo":{"@type":"ImageObject","inLanguage":"fr-FR","@id":"https:\/\/www.alsace-cce.com\/#\/schema\/logo\/image\/","url":"https:\/\/www.alsace-cce.com\/wp-content\/uploads\/2024\/02\/logo-cce.png","contentUrl":"https:\/\/www.alsace-cce.com\/wp-content\/uploads\/2024\/02\/logo-cce.png","width":256,"height":309,"caption":"CCE ALSACE"},"image":{"@id":"https:\/\/www.alsace-cce.com\/#\/schema\/logo\/image\/"}},{"@type":"Person","@id":"https:\/\/www.alsace-cce.com\/#\/schema\/person\/e7b81bc830a413692d6326cd0c384fe2","name":"Lylou Modry","image":{"@type":"ImageObject","inLanguage":"fr-FR","@id":"https:\/\/www.alsace-cce.com\/#\/schema\/person\/image\/","url":"https:\/\/secure.gravatar.com\/avatar\/9a4318bc6ac951d0bf9b5edf491a670b8ebf2c6c54893192449f995baec9bcdc?s=96&d=mm&r=g","contentUrl":"https:\/\/secure.gravatar.com\/avatar\/9a4318bc6ac951d0bf9b5edf491a670b8ebf2c6c54893192449f995baec9bcdc?s=96&d=mm&r=g","caption":"Lylou Modry"},"url":"https:\/\/www.alsace-cce.com\/index.php\/author\/lylou\/"}]}},"_links":{"self":[{"href":"https:\/\/www.alsace-cce.com\/index.php\/wp-json\/wp\/v2\/posts\/484","targetHints":{"allow":["GET"]}}],"collection":[{"href":"https:\/\/www.alsace-cce.com\/index.php\/wp-json\/wp\/v2\/posts"}],"about":[{"href":"https:\/\/www.alsace-cce.com\/index.php\/wp-json\/wp\/v2\/types\/post"}],"author":[{"embeddable":true,"href":"https:\/\/www.alsace-cce.com\/index.php\/wp-json\/wp\/v2\/users\/2"}],"replies":[{"embeddable":true,"href":"https:\/\/www.alsace-cce.com\/index.php\/wp-json\/wp\/v2\/comments?post=484"}],"version-history":[{"count":3,"href":"https:\/\/www.alsace-cce.com\/index.php\/wp-json\/wp\/v2\/posts\/484\/revisions"}],"predecessor-version":[{"id":545,"href":"https:\/\/www.alsace-cce.com\/index.php\/wp-json\/wp\/v2\/posts\/484\/revisions\/545"}],"wp:featuredmedia":[{"embeddable":true,"href":"https:\/\/www.alsace-cce.com\/index.php\/wp-json\/wp\/v2\/media\/547"}],"wp:attachment":[{"href":"https:\/\/www.alsace-cce.com\/index.php\/wp-json\/wp\/v2\/media?parent=484"}],"wp:term":[{"taxonomy":"category","embeddable":true,"href":"https:\/\/www.alsace-cce.com\/index.php\/wp-json\/wp\/v2\/categories?post=484"},{"taxonomy":"post_tag","embeddable":true,"href":"https:\/\/www.alsace-cce.com\/index.php\/wp-json\/wp\/v2\/tags?post=484"}],"curies":[{"name":"wp","href":"https:\/\/api.w.org\/{rel}","templated":true}]}}