{"id":153,"date":"2022-06-16T09:41:00","date_gmt":"2022-06-16T07:41:00","guid":{"rendered":"https:\/\/www.alsace-cce.com\/?p=153"},"modified":"2024-01-02T09:43:02","modified_gmt":"2024-01-02T08:43:02","slug":"les-conseillers-du-commerce-exterieur-rencontrent-le-groupe-rector-lesage","status":"publish","type":"post","link":"https:\/\/www.alsace-cce.com\/index.php\/2022\/06\/16\/les-conseillers-du-commerce-exterieur-rencontrent-le-groupe-rector-lesage\/","title":{"rendered":"LES CONSEILLERS DU COMMERCE EXT\u00c9RIEUR RENCONTRENT LE GROUPE RECTOR LESAGE"},"content":{"rendered":"\n<p><strong>A propos de&nbsp;<\/strong><a href=\"http:\/\/www.rector.fr\/\"><strong>Rector Lesage<\/strong><\/a><strong>&nbsp;?<\/strong><\/p>\n\n\n\n<p>Fabricant de structures en b\u00e9ton, le groupe est compos\u00e9 de pr\u00e8s de 1000 personnes et r\u00e9alise un chiffre d\u2019affaires proche des 200 millions d\u2019euros. Cr\u00e9\u00e9e en 1953 et bas\u00e9e \u00e0 Mulhouse, la soci\u00e9t\u00e9 familiale compte 12 sites de production et 5 agences de d\u00e9p\u00f4t en France.<\/p>\n\n\n\n<p>Innovante et engag\u00e9e RSE, elle a su se d\u00e9marquer sur le march\u00e9 fran\u00e7ais gr\u00e2ce \u00e0 leurs poutrelles en b\u00e9ton pr\u00e9contraint et r\u00e9pond aux enjeux environnementaux avec son offre Rsoft bas carbone.<\/p>\n\n\n\n<p><strong>Les CCE, en savoir plus\u2026.<\/strong><\/p>\n\n\n\n<p>Les Conseillers du commerce ext\u00e9rieur (=CCE) exercent au quotidien des actions concr\u00e8tes autour de quatre grandes missions :<\/p>\n\n\n\n<ul class=\"wp-block-list\">\n<li>le conseil aux pouvoirs publics et aux institutions,<\/li>\n\n\n\n<li>le mentorat des entreprises \u00e0 la conqu\u00eate de nouveaux march\u00e9s,<\/li>\n\n\n\n<li>la formation des jeunes pour leur donner envie de l\u2019international<\/li>\n\n\n\n<li>et enfin, l\u2019attractivit\u00e9 de la France aupr\u00e8s des investisseurs \u00e9trangers<\/li>\n<\/ul>\n\n\n\n<p>Sur la photo,&nbsp;<a href=\"https:\/\/www.linkedin.com\/in\/annevettertifrit\/?originalSubdomain=fr\">Anne Vetter-Tifrit<\/a>, nouvelle pr\u00e9sidente des CCE Grand Est, et&nbsp;<a href=\"https:\/\/www.linkedin.com\/in\/remi-lesage-2312ab37\/?originalSubdomain=fr\">R\u00e9mi Lesage<\/a>, nouveau membre des CCE Alsace.<\/p>\n\n\n\n<p>Anne Vetter Tifrit : &nbsp;\u00bb Notre r\u00e9union CCE dans les locaux de Mulhouse de Rector Lesage a \u00e9t\u00e9 vraiment inspirante. Dans un espace d\u00e9di\u00e9 \u00e0 l\u2019innovation, nous avons pu d\u00e9couvrir une entreprise, proche de ses collaborateurs et ayant des belles valeurs de partage.&nbsp;\u00bb<\/p>\n\n\n\n<p><\/p>\n","protected":false},"excerpt":{"rendered":"<p>A propos de&nbsp;Rector Lesage&nbsp;? Fabricant de structures en b\u00e9ton, le groupe est compos\u00e9 de pr\u00e8s de 1000 personnes et r\u00e9alise un chiffre d\u2019affaires proche des 200 millions d\u2019euros. Cr\u00e9\u00e9e en [&hellip;]<\/p>\n","protected":false},"author":1,"featured_media":154,"comment_status":"open","ping_status":"open","sticky":false,"template":"","format":"standard","meta":{"_et_pb_use_builder":"off","_et_pb_old_content":"","_et_gb_content_width":"","footnotes":""},"categories":[1],"tags":[],"class_list":["post-153","post","type-post","status-publish","format-standard","has-post-thumbnail","hentry","category-blog"],"yoast_head":"<!-- This site is optimized with the Yoast SEO plugin v24.2 - https:\/\/yoast.com\/wordpress\/plugins\/seo\/ -->\n<title>LES CONSEILLERS DU COMMERCE EXT\u00c9RIEUR RENCONTRENT LE GROUPE RECTOR LESAGE - grandestcnccef<\/title>\n<meta name=\"robots\" content=\"index, follow, max-snippet:-1, max-image-preview:large, max-video-preview:-1\" \/>\n<link rel=\"canonical\" href=\"https:\/\/www.alsace-cce.com\/index.php\/2022\/06\/16\/les-conseillers-du-commerce-exterieur-rencontrent-le-groupe-rector-lesage\/\" \/>\n<meta property=\"og:locale\" content=\"fr_FR\" \/>\n<meta property=\"og:type\" content=\"article\" \/>\n<meta property=\"og:title\" content=\"LES CONSEILLERS DU COMMERCE EXT\u00c9RIEUR RENCONTRENT LE GROUPE RECTOR LESAGE - grandestcnccef\" \/>\n<meta property=\"og:description\" content=\"A propos de&nbsp;Rector Lesage&nbsp;? Fabricant de structures en b\u00e9ton, le groupe est compos\u00e9 de pr\u00e8s de 1000 personnes et r\u00e9alise un chiffre d\u2019affaires proche des 200 millions d\u2019euros. Cr\u00e9\u00e9e en [&hellip;]\" \/>\n<meta property=\"og:url\" content=\"https:\/\/www.alsace-cce.com\/index.php\/2022\/06\/16\/les-conseillers-du-commerce-exterieur-rencontrent-le-groupe-rector-lesage\/\" \/>\n<meta property=\"og:site_name\" content=\"grandestcnccef\" \/>\n<meta property=\"article:published_time\" content=\"2022-06-16T07:41:00+00:00\" \/>\n<meta property=\"article:modified_time\" content=\"2024-01-02T08:43:02+00:00\" \/>\n<meta property=\"og:image\" content=\"https:\/\/www.alsace-cce.com\/wp-content\/uploads\/2024\/01\/les-conseillers-du-commerce-exterieur-rencontrent-le-groupe-rector-lesage-2-800x400-1.jpg\" \/>\n\t<meta property=\"og:image:width\" content=\"800\" \/>\n\t<meta property=\"og:image:height\" content=\"400\" \/>\n\t<meta property=\"og:image:type\" content=\"image\/jpeg\" \/>\n<meta name=\"author\" content=\"emmanuel.vbg\" \/>\n<meta name=\"twitter:card\" content=\"summary_large_image\" \/>\n<meta name=\"twitter:label1\" content=\"\u00c9crit par\" \/>\n\t<meta name=\"twitter:data1\" content=\"emmanuel.vbg\" \/>\n\t<meta name=\"twitter:label2\" content=\"Dur\u00e9e de lecture estim\u00e9e\" \/>\n\t<meta name=\"twitter:data2\" content=\"1 minute\" \/>\n<script type=\"application\/ld+json\" class=\"yoast-schema-graph\">{\"@context\":\"https:\/\/schema.org\",\"@graph\":[{\"@type\":\"Article\",\"@id\":\"https:\/\/www.alsace-cce.com\/index.php\/2022\/06\/16\/les-conseillers-du-commerce-exterieur-rencontrent-le-groupe-rector-lesage\/#article\",\"isPartOf\":{\"@id\":\"https:\/\/www.alsace-cce.com\/index.php\/2022\/06\/16\/les-conseillers-du-commerce-exterieur-rencontrent-le-groupe-rector-lesage\/\"},\"author\":{\"name\":\"emmanuel.vbg\",\"@id\":\"https:\/\/www.alsace-cce.com\/#\/schema\/person\/b800148eb124029813139345d38fb7e2\"},\"headline\":\"LES CONSEILLERS DU COMMERCE EXT\u00c9RIEUR RENCONTRENT LE GROUPE RECTOR LESAGE\",\"datePublished\":\"2022-06-16T07:41:00+00:00\",\"dateModified\":\"2024-01-02T08:43:02+00:00\",\"mainEntityOfPage\":{\"@id\":\"https:\/\/www.alsace-cce.com\/index.php\/2022\/06\/16\/les-conseillers-du-commerce-exterieur-rencontrent-le-groupe-rector-lesage\/\"},\"wordCount\":240,\"commentCount\":0,\"publisher\":{\"@id\":\"https:\/\/www.alsace-cce.com\/#organization\"},\"image\":{\"@id\":\"https:\/\/www.alsace-cce.com\/index.php\/2022\/06\/16\/les-conseillers-du-commerce-exterieur-rencontrent-le-groupe-rector-lesage\/#primaryimage\"},\"thumbnailUrl\":\"https:\/\/www.alsace-cce.com\/wp-content\/uploads\/2024\/01\/les-conseillers-du-commerce-exterieur-rencontrent-le-groupe-rector-lesage-2-800x400-1.jpg\",\"articleSection\":[\"Blog\"],\"inLanguage\":\"fr-FR\",\"potentialAction\":[{\"@type\":\"CommentAction\",\"name\":\"Comment\",\"target\":[\"https:\/\/www.alsace-cce.com\/index.php\/2022\/06\/16\/les-conseillers-du-commerce-exterieur-rencontrent-le-groupe-rector-lesage\/#respond\"]}]},{\"@type\":\"WebPage\",\"@id\":\"https:\/\/www.alsace-cce.com\/index.php\/2022\/06\/16\/les-conseillers-du-commerce-exterieur-rencontrent-le-groupe-rector-lesage\/\",\"url\":\"https:\/\/www.alsace-cce.com\/index.php\/2022\/06\/16\/les-conseillers-du-commerce-exterieur-rencontrent-le-groupe-rector-lesage\/\",\"name\":\"LES CONSEILLERS DU COMMERCE EXT\u00c9RIEUR RENCONTRENT LE GROUPE RECTOR LESAGE - grandestcnccef\",\"isPartOf\":{\"@id\":\"https:\/\/www.alsace-cce.com\/#website\"},\"primaryImageOfPage\":{\"@id\":\"https:\/\/www.alsace-cce.com\/index.php\/2022\/06\/16\/les-conseillers-du-commerce-exterieur-rencontrent-le-groupe-rector-lesage\/#primaryimage\"},\"image\":{\"@id\":\"https:\/\/www.alsace-cce.com\/index.php\/2022\/06\/16\/les-conseillers-du-commerce-exterieur-rencontrent-le-groupe-rector-lesage\/#primaryimage\"},\"thumbnailUrl\":\"https:\/\/www.alsace-cce.com\/wp-content\/uploads\/2024\/01\/les-conseillers-du-commerce-exterieur-rencontrent-le-groupe-rector-lesage-2-800x400-1.jpg\",\"datePublished\":\"2022-06-16T07:41:00+00:00\",\"dateModified\":\"2024-01-02T08:43:02+00:00\",\"breadcrumb\":{\"@id\":\"https:\/\/www.alsace-cce.com\/index.php\/2022\/06\/16\/les-conseillers-du-commerce-exterieur-rencontrent-le-groupe-rector-lesage\/#breadcrumb\"},\"inLanguage\":\"fr-FR\",\"potentialAction\":[{\"@type\":\"ReadAction\",\"target\":[\"https:\/\/www.alsace-cce.com\/index.php\/2022\/06\/16\/les-conseillers-du-commerce-exterieur-rencontrent-le-groupe-rector-lesage\/\"]}]},{\"@type\":\"ImageObject\",\"inLanguage\":\"fr-FR\",\"@id\":\"https:\/\/www.alsace-cce.com\/index.php\/2022\/06\/16\/les-conseillers-du-commerce-exterieur-rencontrent-le-groupe-rector-lesage\/#primaryimage\",\"url\":\"https:\/\/www.alsace-cce.com\/wp-content\/uploads\/2024\/01\/les-conseillers-du-commerce-exterieur-rencontrent-le-groupe-rector-lesage-2-800x400-1.jpg\",\"contentUrl\":\"https:\/\/www.alsace-cce.com\/wp-content\/uploads\/2024\/01\/les-conseillers-du-commerce-exterieur-rencontrent-le-groupe-rector-lesage-2-800x400-1.jpg\",\"width\":800,\"height\":400},{\"@type\":\"BreadcrumbList\",\"@id\":\"https:\/\/www.alsace-cce.com\/index.php\/2022\/06\/16\/les-conseillers-du-commerce-exterieur-rencontrent-le-groupe-rector-lesage\/#breadcrumb\",\"itemListElement\":[{\"@type\":\"ListItem\",\"position\":1,\"name\":\"Accueil\",\"item\":\"https:\/\/www.alsace-cce.com\/\"},{\"@type\":\"ListItem\",\"position\":2,\"name\":\"LES CONSEILLERS DU COMMERCE EXT\u00c9RIEUR RENCONTRENT LE GROUPE RECTOR LESAGE\"}]},{\"@type\":\"WebSite\",\"@id\":\"https:\/\/www.alsace-cce.com\/#website\",\"url\":\"https:\/\/www.alsace-cce.com\/\",\"name\":\"grandestcnccef\",\"description\":\"\",\"publisher\":{\"@id\":\"https:\/\/www.alsace-cce.com\/#organization\"},\"potentialAction\":[{\"@type\":\"SearchAction\",\"target\":{\"@type\":\"EntryPoint\",\"urlTemplate\":\"https:\/\/www.alsace-cce.com\/?s={search_term_string}\"},\"query-input\":{\"@type\":\"PropertyValueSpecification\",\"valueRequired\":true,\"valueName\":\"search_term_string\"}}],\"inLanguage\":\"fr-FR\"},{\"@type\":\"Organization\",\"@id\":\"https:\/\/www.alsace-cce.com\/#organization\",\"name\":\"CCE ALSACE\",\"url\":\"https:\/\/www.alsace-cce.com\/\",\"logo\":{\"@type\":\"ImageObject\",\"inLanguage\":\"fr-FR\",\"@id\":\"https:\/\/www.alsace-cce.com\/#\/schema\/logo\/image\/\",\"url\":\"https:\/\/www.alsace-cce.com\/wp-content\/uploads\/2024\/02\/logo-cce.png\",\"contentUrl\":\"https:\/\/www.alsace-cce.com\/wp-content\/uploads\/2024\/02\/logo-cce.png\",\"width\":256,\"height\":309,\"caption\":\"CCE ALSACE\"},\"image\":{\"@id\":\"https:\/\/www.alsace-cce.com\/#\/schema\/logo\/image\/\"}},{\"@type\":\"Person\",\"@id\":\"https:\/\/www.alsace-cce.com\/#\/schema\/person\/b800148eb124029813139345d38fb7e2\",\"name\":\"emmanuel.vbg\",\"image\":{\"@type\":\"ImageObject\",\"inLanguage\":\"fr-FR\",\"@id\":\"https:\/\/www.alsace-cce.com\/#\/schema\/person\/image\/\",\"url\":\"https:\/\/secure.gravatar.com\/avatar\/7f204b0aba8acc9027c2896f8822b17f38a64d3a642759f515909482bd8cbd00?s=96&d=mm&r=g\",\"contentUrl\":\"https:\/\/secure.gravatar.com\/avatar\/7f204b0aba8acc9027c2896f8822b17f38a64d3a642759f515909482bd8cbd00?s=96&d=mm&r=g\",\"caption\":\"emmanuel.vbg\"},\"sameAs\":[\"https:\/\/www.alsace-cce.com\"],\"url\":\"https:\/\/www.alsace-cce.com\/index.php\/author\/emmanuel-vbg\/\"}]}<\/script>\n<!-- \/ Yoast SEO plugin. -->","yoast_head_json":{"title":"LES CONSEILLERS DU COMMERCE EXT\u00c9RIEUR RENCONTRENT LE GROUPE RECTOR LESAGE - grandestcnccef","robots":{"index":"index","follow":"follow","max-snippet":"max-snippet:-1","max-image-preview":"max-image-preview:large","max-video-preview":"max-video-preview:-1"},"canonical":"https:\/\/www.alsace-cce.com\/index.php\/2022\/06\/16\/les-conseillers-du-commerce-exterieur-rencontrent-le-groupe-rector-lesage\/","og_locale":"fr_FR","og_type":"article","og_title":"LES CONSEILLERS DU COMMERCE EXT\u00c9RIEUR RENCONTRENT LE GROUPE RECTOR LESAGE - grandestcnccef","og_description":"A propos de&nbsp;Rector Lesage&nbsp;? Fabricant de structures en b\u00e9ton, le groupe est compos\u00e9 de pr\u00e8s de 1000 personnes et r\u00e9alise un chiffre d\u2019affaires proche des 200 millions d\u2019euros. Cr\u00e9\u00e9e en [&hellip;]","og_url":"https:\/\/www.alsace-cce.com\/index.php\/2022\/06\/16\/les-conseillers-du-commerce-exterieur-rencontrent-le-groupe-rector-lesage\/","og_site_name":"grandestcnccef","article_published_time":"2022-06-16T07:41:00+00:00","article_modified_time":"2024-01-02T08:43:02+00:00","og_image":[{"width":800,"height":400,"url":"https:\/\/www.alsace-cce.com\/wp-content\/uploads\/2024\/01\/les-conseillers-du-commerce-exterieur-rencontrent-le-groupe-rector-lesage-2-800x400-1.jpg","type":"image\/jpeg"}],"author":"emmanuel.vbg","twitter_card":"summary_large_image","twitter_misc":{"\u00c9crit par":"emmanuel.vbg","Dur\u00e9e de lecture estim\u00e9e":"1 minute"},"schema":{"@context":"https:\/\/schema.org","@graph":[{"@type":"Article","@id":"https:\/\/www.alsace-cce.com\/index.php\/2022\/06\/16\/les-conseillers-du-commerce-exterieur-rencontrent-le-groupe-rector-lesage\/#article","isPartOf":{"@id":"https:\/\/www.alsace-cce.com\/index.php\/2022\/06\/16\/les-conseillers-du-commerce-exterieur-rencontrent-le-groupe-rector-lesage\/"},"author":{"name":"emmanuel.vbg","@id":"https:\/\/www.alsace-cce.com\/#\/schema\/person\/b800148eb124029813139345d38fb7e2"},"headline":"LES CONSEILLERS DU COMMERCE EXT\u00c9RIEUR RENCONTRENT LE GROUPE RECTOR LESAGE","datePublished":"2022-06-16T07:41:00+00:00","dateModified":"2024-01-02T08:43:02+00:00","mainEntityOfPage":{"@id":"https:\/\/www.alsace-cce.com\/index.php\/2022\/06\/16\/les-conseillers-du-commerce-exterieur-rencontrent-le-groupe-rector-lesage\/"},"wordCount":240,"commentCount":0,"publisher":{"@id":"https:\/\/www.alsace-cce.com\/#organization"},"image":{"@id":"https:\/\/www.alsace-cce.com\/index.php\/2022\/06\/16\/les-conseillers-du-commerce-exterieur-rencontrent-le-groupe-rector-lesage\/#primaryimage"},"thumbnailUrl":"https:\/\/www.alsace-cce.com\/wp-content\/uploads\/2024\/01\/les-conseillers-du-commerce-exterieur-rencontrent-le-groupe-rector-lesage-2-800x400-1.jpg","articleSection":["Blog"],"inLanguage":"fr-FR","potentialAction":[{"@type":"CommentAction","name":"Comment","target":["https:\/\/www.alsace-cce.com\/index.php\/2022\/06\/16\/les-conseillers-du-commerce-exterieur-rencontrent-le-groupe-rector-lesage\/#respond"]}]},{"@type":"WebPage","@id":"https:\/\/www.alsace-cce.com\/index.php\/2022\/06\/16\/les-conseillers-du-commerce-exterieur-rencontrent-le-groupe-rector-lesage\/","url":"https:\/\/www.alsace-cce.com\/index.php\/2022\/06\/16\/les-conseillers-du-commerce-exterieur-rencontrent-le-groupe-rector-lesage\/","name":"LES CONSEILLERS DU COMMERCE EXT\u00c9RIEUR RENCONTRENT LE GROUPE RECTOR LESAGE - grandestcnccef","isPartOf":{"@id":"https:\/\/www.alsace-cce.com\/#website"},"primaryImageOfPage":{"@id":"https:\/\/www.alsace-cce.com\/index.php\/2022\/06\/16\/les-conseillers-du-commerce-exterieur-rencontrent-le-groupe-rector-lesage\/#primaryimage"},"image":{"@id":"https:\/\/www.alsace-cce.com\/index.php\/2022\/06\/16\/les-conseillers-du-commerce-exterieur-rencontrent-le-groupe-rector-lesage\/#primaryimage"},"thumbnailUrl":"https:\/\/www.alsace-cce.com\/wp-content\/uploads\/2024\/01\/les-conseillers-du-commerce-exterieur-rencontrent-le-groupe-rector-lesage-2-800x400-1.jpg","datePublished":"2022-06-16T07:41:00+00:00","dateModified":"2024-01-02T08:43:02+00:00","breadcrumb":{"@id":"https:\/\/www.alsace-cce.com\/index.php\/2022\/06\/16\/les-conseillers-du-commerce-exterieur-rencontrent-le-groupe-rector-lesage\/#breadcrumb"},"inLanguage":"fr-FR","potentialAction":[{"@type":"ReadAction","target":["https:\/\/www.alsace-cce.com\/index.php\/2022\/06\/16\/les-conseillers-du-commerce-exterieur-rencontrent-le-groupe-rector-lesage\/"]}]},{"@type":"ImageObject","inLanguage":"fr-FR","@id":"https:\/\/www.alsace-cce.com\/index.php\/2022\/06\/16\/les-conseillers-du-commerce-exterieur-rencontrent-le-groupe-rector-lesage\/#primaryimage","url":"https:\/\/www.alsace-cce.com\/wp-content\/uploads\/2024\/01\/les-conseillers-du-commerce-exterieur-rencontrent-le-groupe-rector-lesage-2-800x400-1.jpg","contentUrl":"https:\/\/www.alsace-cce.com\/wp-content\/uploads\/2024\/01\/les-conseillers-du-commerce-exterieur-rencontrent-le-groupe-rector-lesage-2-800x400-1.jpg","width":800,"height":400},{"@type":"BreadcrumbList","@id":"https:\/\/www.alsace-cce.com\/index.php\/2022\/06\/16\/les-conseillers-du-commerce-exterieur-rencontrent-le-groupe-rector-lesage\/#breadcrumb","itemListElement":[{"@type":"ListItem","position":1,"name":"Accueil","item":"https:\/\/www.alsace-cce.com\/"},{"@type":"ListItem","position":2,"name":"LES CONSEILLERS DU COMMERCE EXT\u00c9RIEUR RENCONTRENT LE GROUPE RECTOR LESAGE"}]},{"@type":"WebSite","@id":"https:\/\/www.alsace-cce.com\/#website","url":"https:\/\/www.alsace-cce.com\/","name":"grandestcnccef","description":"","publisher":{"@id":"https:\/\/www.alsace-cce.com\/#organization"},"potentialAction":[{"@type":"SearchAction","target":{"@type":"EntryPoint","urlTemplate":"https:\/\/www.alsace-cce.com\/?s={search_term_string}"},"query-input":{"@type":"PropertyValueSpecification","valueRequired":true,"valueName":"search_term_string"}}],"inLanguage":"fr-FR"},{"@type":"Organization","@id":"https:\/\/www.alsace-cce.com\/#organization","name":"CCE ALSACE","url":"https:\/\/www.alsace-cce.com\/","logo":{"@type":"ImageObject","inLanguage":"fr-FR","@id":"https:\/\/www.alsace-cce.com\/#\/schema\/logo\/image\/","url":"https:\/\/www.alsace-cce.com\/wp-content\/uploads\/2024\/02\/logo-cce.png","contentUrl":"https:\/\/www.alsace-cce.com\/wp-content\/uploads\/2024\/02\/logo-cce.png","width":256,"height":309,"caption":"CCE ALSACE"},"image":{"@id":"https:\/\/www.alsace-cce.com\/#\/schema\/logo\/image\/"}},{"@type":"Person","@id":"https:\/\/www.alsace-cce.com\/#\/schema\/person\/b800148eb124029813139345d38fb7e2","name":"emmanuel.vbg","image":{"@type":"ImageObject","inLanguage":"fr-FR","@id":"https:\/\/www.alsace-cce.com\/#\/schema\/person\/image\/","url":"https:\/\/secure.gravatar.com\/avatar\/7f204b0aba8acc9027c2896f8822b17f38a64d3a642759f515909482bd8cbd00?s=96&d=mm&r=g","contentUrl":"https:\/\/secure.gravatar.com\/avatar\/7f204b0aba8acc9027c2896f8822b17f38a64d3a642759f515909482bd8cbd00?s=96&d=mm&r=g","caption":"emmanuel.vbg"},"sameAs":["https:\/\/www.alsace-cce.com"],"url":"https:\/\/www.alsace-cce.com\/index.php\/author\/emmanuel-vbg\/"}]}},"_links":{"self":[{"href":"https:\/\/www.alsace-cce.com\/index.php\/wp-json\/wp\/v2\/posts\/153","targetHints":{"allow":["GET"]}}],"collection":[{"href":"https:\/\/www.alsace-cce.com\/index.php\/wp-json\/wp\/v2\/posts"}],"about":[{"href":"https:\/\/www.alsace-cce.com\/index.php\/wp-json\/wp\/v2\/types\/post"}],"author":[{"embeddable":true,"href":"https:\/\/www.alsace-cce.com\/index.php\/wp-json\/wp\/v2\/users\/1"}],"replies":[{"embeddable":true,"href":"https:\/\/www.alsace-cce.com\/index.php\/wp-json\/wp\/v2\/comments?post=153"}],"version-history":[{"count":2,"href":"https:\/\/www.alsace-cce.com\/index.php\/wp-json\/wp\/v2\/posts\/153\/revisions"}],"predecessor-version":[{"id":156,"href":"https:\/\/www.alsace-cce.com\/index.php\/wp-json\/wp\/v2\/posts\/153\/revisions\/156"}],"wp:featuredmedia":[{"embeddable":true,"href":"https:\/\/www.alsace-cce.com\/index.php\/wp-json\/wp\/v2\/media\/154"}],"wp:attachment":[{"href":"https:\/\/www.alsace-cce.com\/index.php\/wp-json\/wp\/v2\/media?parent=153"}],"wp:term":[{"taxonomy":"category","embeddable":true,"href":"https:\/\/www.alsace-cce.com\/index.php\/wp-json\/wp\/v2\/categories?post=153"},{"taxonomy":"post_tag","embeddable":true,"href":"https:\/\/www.alsace-cce.com\/index.php\/wp-json\/wp\/v2\/tags?post=153"}],"curies":[{"name":"wp","href":"https:\/\/api.w.org\/{rel}","templated":true}]}}