{"id":131,"date":"2022-03-25T09:26:56","date_gmt":"2022-03-25T08:26:56","guid":{"rendered":"https:\/\/www.alsace-cce.com\/?p=131"},"modified":"2024-01-02T09:43:54","modified_gmt":"2024-01-02T08:43:54","slug":"elections-cce-alsace-un-nouveau-bureau-une-nouvelle-dynamique","status":"publish","type":"post","link":"https:\/\/www.alsace-cce.com\/index.php\/2022\/03\/25\/elections-cce-alsace-un-nouveau-bureau-une-nouvelle-dynamique\/","title":{"rendered":"ELECTIONS CCE ALSACE : UN NOUVEAU BUREAU, UNE NOUVELLE DYNAMIQUE"},"content":{"rendered":"\n<h3 class=\"wp-block-heading\">UNE PASSATION DE POUVOIR F\u00c9MININE !<\/h3>\n\n\n\n<p>Anne VETTER TIFRIT succ\u00e8de \u00e0 Manou MASSENEZ \u00e0 la Pr\u00e9sidence du comit\u00e9 r\u00e9gional des Conseillers du Commerce Ext\u00e9rieur de la France en Alsace et en Grand Est.<\/p>\n\n\n\n<p>Apr\u00e8s pr\u00e8s de 3 ann\u00e9es de pr\u00e9sidence, Manou Massenez passe le t\u00e9moin du Comit\u00e9 des Conseillers du Commerce Ext\u00e9rieur (CCE) de la France en Alsace et en Grand Est.<\/p>\n\n\n\n<h3 class=\"wp-block-heading\">\u00caTRE CCE, UN ENGAGEMENT DE TOUS LES INSTANTS :<\/h3>\n\n\n\n<p>Nomm\u00e9s par d\u00e9cret du premier ministre, les Conseillers du Commerce Ext\u00e9rieur de la France mettent b\u00e9n\u00e9volement leur exp\u00e9rience au service du d\u00e9veloppement de la France. Ils exercent au quotidien des actions concr\u00e8tes autour de quatre grandes missions : le conseil aux pouvoirs publics et aux institutions, le mentorat des entreprises \u00e0 la conqu\u00eate de nouveaux march\u00e9s, la formation des jeunes pour leur donner envie de l\u2019international et enfin, le rayonnement de la France aupr\u00e8s des investisseurs \u00e9trangers.<\/p>\n\n\n\n<h3 class=\"wp-block-heading\">UNE \u00c9QUIPE DYNAMIQUE<\/h3>\n\n\n\n<p>Anne VETTER TIFRIT a r\u00e9ussi \u00e0 r\u00e9unir autour d\u2019elle une \u00e9quipe de chefs d\u2019entreprise et d\u2019acteurs \u00e9conomiques, des femmes et des hommes engag\u00e9s. Elle prend le relai des pr\u00e9c\u00e9dentes pr\u00e9sidences pour un projet ambitieux&nbsp;innovant et dans la continuit\u00e9 des valeurs de partage et de transmission des conseillers du commerce ext\u00e9rieur.<\/p>\n\n\n\n<p>Anne s\u2019appuie sur un bureau dynamique qui a pour ambition de faire rayonner l\u2019Alsace et le Grand Est au-del\u00e0 de leurs fronti\u00e8res. La feuille de route de la nouvelle \u00e9quipe, aux c\u00f4t\u00e9s de ses partenaires notamment la R\u00e9gion et la Team France Export, est d\u2019acc\u00e9l\u00e9rer l\u2019action des CCE autour de ses 4 missions et d\u2019\u00eatre au service de la premi\u00e8re r\u00e9gion exportatrice de France derri\u00e8re l\u2019Ile de France. C\u2019est \u00e9galement d\u2019engager les territoires pour cr\u00e9er une dynamique forte de proximit\u00e9 et contribuer au d\u00e9veloppement du Commerce Ext\u00e9rieur de la France.<\/p>\n\n\n\n<p>Anne VETTER TIFRIT est internationale par nature et par conviction, et est \u00e0 la direction de l\u2019entreprise Velum, fabricant d\u2019\u00e9clairage.<\/p>\n\n\n\n<p>Le Comit\u00e9 Alsace des CCE compte aujourd\u2019hui 62 b\u00e9n\u00e9voles dirigeants d\u2019entreprises et acteurs \u00e9conomiques de tous secteurs. Les CCE sont 4 500 dans le monde, pr\u00e9sents dans plus de 150 pays dont 1 490 en France.<\/p>\n\n\n\n<p><\/p>\n","protected":false},"excerpt":{"rendered":"<p>UNE PASSATION DE POUVOIR F\u00c9MININE ! Anne VETTER TIFRIT succ\u00e8de \u00e0 Manou MASSENEZ \u00e0 la Pr\u00e9sidence du comit\u00e9 r\u00e9gional des Conseillers du Commerce Ext\u00e9rieur de la France en Alsace et [&hellip;]<\/p>\n","protected":false},"author":1,"featured_media":111,"comment_status":"open","ping_status":"open","sticky":false,"template":"","format":"standard","meta":{"_et_pb_use_builder":"off","_et_pb_old_content":"","_et_gb_content_width":"","footnotes":""},"categories":[1],"tags":[],"class_list":["post-131","post","type-post","status-publish","format-standard","has-post-thumbnail","hentry","category-blog"],"yoast_head":"<!-- This site is optimized with the Yoast SEO plugin v24.2 - https:\/\/yoast.com\/wordpress\/plugins\/seo\/ -->\n<title>ELECTIONS CCE ALSACE : UN NOUVEAU BUREAU, UNE NOUVELLE DYNAMIQUE - grandestcnccef<\/title>\n<meta name=\"robots\" content=\"index, follow, max-snippet:-1, max-image-preview:large, max-video-preview:-1\" \/>\n<link rel=\"canonical\" href=\"https:\/\/www.alsace-cce.com\/index.php\/2022\/03\/25\/elections-cce-alsace-un-nouveau-bureau-une-nouvelle-dynamique\/\" \/>\n<meta property=\"og:locale\" content=\"fr_FR\" \/>\n<meta property=\"og:type\" content=\"article\" \/>\n<meta property=\"og:title\" content=\"ELECTIONS CCE ALSACE : UN NOUVEAU BUREAU, UNE NOUVELLE DYNAMIQUE - grandestcnccef\" \/>\n<meta property=\"og:description\" content=\"UNE PASSATION DE POUVOIR F\u00c9MININE ! Anne VETTER TIFRIT succ\u00e8de \u00e0 Manou MASSENEZ \u00e0 la Pr\u00e9sidence du comit\u00e9 r\u00e9gional des Conseillers du Commerce Ext\u00e9rieur de la France en Alsace et [&hellip;]\" \/>\n<meta property=\"og:url\" content=\"https:\/\/www.alsace-cce.com\/index.php\/2022\/03\/25\/elections-cce-alsace-un-nouveau-bureau-une-nouvelle-dynamique\/\" \/>\n<meta property=\"og:site_name\" content=\"grandestcnccef\" \/>\n<meta property=\"article:published_time\" content=\"2022-03-25T08:26:56+00:00\" \/>\n<meta property=\"article:modified_time\" content=\"2024-01-02T08:43:54+00:00\" \/>\n<meta property=\"og:image\" content=\"https:\/\/www.alsace-cce.com\/wp-content\/uploads\/2024\/01\/elections-cce-alsace-un-nouveau-bureau-une-nouvelle-dynamique-3-486x400-1.jpg\" \/>\n\t<meta property=\"og:image:width\" content=\"486\" \/>\n\t<meta property=\"og:image:height\" content=\"400\" \/>\n\t<meta property=\"og:image:type\" content=\"image\/jpeg\" \/>\n<meta name=\"author\" content=\"emmanuel.vbg\" \/>\n<meta name=\"twitter:card\" content=\"summary_large_image\" \/>\n<meta name=\"twitter:label1\" content=\"\u00c9crit par\" \/>\n\t<meta name=\"twitter:data1\" content=\"emmanuel.vbg\" \/>\n\t<meta name=\"twitter:label2\" content=\"Dur\u00e9e de lecture estim\u00e9e\" \/>\n\t<meta name=\"twitter:data2\" content=\"2 minutes\" \/>\n<script type=\"application\/ld+json\" class=\"yoast-schema-graph\">{\"@context\":\"https:\/\/schema.org\",\"@graph\":[{\"@type\":\"Article\",\"@id\":\"https:\/\/www.alsace-cce.com\/index.php\/2022\/03\/25\/elections-cce-alsace-un-nouveau-bureau-une-nouvelle-dynamique\/#article\",\"isPartOf\":{\"@id\":\"https:\/\/www.alsace-cce.com\/index.php\/2022\/03\/25\/elections-cce-alsace-un-nouveau-bureau-une-nouvelle-dynamique\/\"},\"author\":{\"name\":\"emmanuel.vbg\",\"@id\":\"https:\/\/www.alsace-cce.com\/#\/schema\/person\/b800148eb124029813139345d38fb7e2\"},\"headline\":\"ELECTIONS CCE ALSACE : UN NOUVEAU BUREAU, UNE NOUVELLE DYNAMIQUE\",\"datePublished\":\"2022-03-25T08:26:56+00:00\",\"dateModified\":\"2024-01-02T08:43:54+00:00\",\"mainEntityOfPage\":{\"@id\":\"https:\/\/www.alsace-cce.com\/index.php\/2022\/03\/25\/elections-cce-alsace-un-nouveau-bureau-une-nouvelle-dynamique\/\"},\"wordCount\":402,\"commentCount\":0,\"publisher\":{\"@id\":\"https:\/\/www.alsace-cce.com\/#organization\"},\"image\":{\"@id\":\"https:\/\/www.alsace-cce.com\/index.php\/2022\/03\/25\/elections-cce-alsace-un-nouveau-bureau-une-nouvelle-dynamique\/#primaryimage\"},\"thumbnailUrl\":\"https:\/\/www.alsace-cce.com\/wp-content\/uploads\/2024\/01\/elections-cce-alsace-un-nouveau-bureau-une-nouvelle-dynamique-3-486x400-1.jpg\",\"articleSection\":[\"Blog\"],\"inLanguage\":\"fr-FR\",\"potentialAction\":[{\"@type\":\"CommentAction\",\"name\":\"Comment\",\"target\":[\"https:\/\/www.alsace-cce.com\/index.php\/2022\/03\/25\/elections-cce-alsace-un-nouveau-bureau-une-nouvelle-dynamique\/#respond\"]}]},{\"@type\":\"WebPage\",\"@id\":\"https:\/\/www.alsace-cce.com\/index.php\/2022\/03\/25\/elections-cce-alsace-un-nouveau-bureau-une-nouvelle-dynamique\/\",\"url\":\"https:\/\/www.alsace-cce.com\/index.php\/2022\/03\/25\/elections-cce-alsace-un-nouveau-bureau-une-nouvelle-dynamique\/\",\"name\":\"ELECTIONS CCE ALSACE : UN NOUVEAU BUREAU, UNE NOUVELLE DYNAMIQUE - grandestcnccef\",\"isPartOf\":{\"@id\":\"https:\/\/www.alsace-cce.com\/#website\"},\"primaryImageOfPage\":{\"@id\":\"https:\/\/www.alsace-cce.com\/index.php\/2022\/03\/25\/elections-cce-alsace-un-nouveau-bureau-une-nouvelle-dynamique\/#primaryimage\"},\"image\":{\"@id\":\"https:\/\/www.alsace-cce.com\/index.php\/2022\/03\/25\/elections-cce-alsace-un-nouveau-bureau-une-nouvelle-dynamique\/#primaryimage\"},\"thumbnailUrl\":\"https:\/\/www.alsace-cce.com\/wp-content\/uploads\/2024\/01\/elections-cce-alsace-un-nouveau-bureau-une-nouvelle-dynamique-3-486x400-1.jpg\",\"datePublished\":\"2022-03-25T08:26:56+00:00\",\"dateModified\":\"2024-01-02T08:43:54+00:00\",\"breadcrumb\":{\"@id\":\"https:\/\/www.alsace-cce.com\/index.php\/2022\/03\/25\/elections-cce-alsace-un-nouveau-bureau-une-nouvelle-dynamique\/#breadcrumb\"},\"inLanguage\":\"fr-FR\",\"potentialAction\":[{\"@type\":\"ReadAction\",\"target\":[\"https:\/\/www.alsace-cce.com\/index.php\/2022\/03\/25\/elections-cce-alsace-un-nouveau-bureau-une-nouvelle-dynamique\/\"]}]},{\"@type\":\"ImageObject\",\"inLanguage\":\"fr-FR\",\"@id\":\"https:\/\/www.alsace-cce.com\/index.php\/2022\/03\/25\/elections-cce-alsace-un-nouveau-bureau-une-nouvelle-dynamique\/#primaryimage\",\"url\":\"https:\/\/www.alsace-cce.com\/wp-content\/uploads\/2024\/01\/elections-cce-alsace-un-nouveau-bureau-une-nouvelle-dynamique-3-486x400-1.jpg\",\"contentUrl\":\"https:\/\/www.alsace-cce.com\/wp-content\/uploads\/2024\/01\/elections-cce-alsace-un-nouveau-bureau-une-nouvelle-dynamique-3-486x400-1.jpg\",\"width\":486,\"height\":400},{\"@type\":\"BreadcrumbList\",\"@id\":\"https:\/\/www.alsace-cce.com\/index.php\/2022\/03\/25\/elections-cce-alsace-un-nouveau-bureau-une-nouvelle-dynamique\/#breadcrumb\",\"itemListElement\":[{\"@type\":\"ListItem\",\"position\":1,\"name\":\"Accueil\",\"item\":\"https:\/\/www.alsace-cce.com\/\"},{\"@type\":\"ListItem\",\"position\":2,\"name\":\"ELECTIONS CCE ALSACE : UN NOUVEAU BUREAU, UNE NOUVELLE DYNAMIQUE\"}]},{\"@type\":\"WebSite\",\"@id\":\"https:\/\/www.alsace-cce.com\/#website\",\"url\":\"https:\/\/www.alsace-cce.com\/\",\"name\":\"grandestcnccef\",\"description\":\"\",\"publisher\":{\"@id\":\"https:\/\/www.alsace-cce.com\/#organization\"},\"potentialAction\":[{\"@type\":\"SearchAction\",\"target\":{\"@type\":\"EntryPoint\",\"urlTemplate\":\"https:\/\/www.alsace-cce.com\/?s={search_term_string}\"},\"query-input\":{\"@type\":\"PropertyValueSpecification\",\"valueRequired\":true,\"valueName\":\"search_term_string\"}}],\"inLanguage\":\"fr-FR\"},{\"@type\":\"Organization\",\"@id\":\"https:\/\/www.alsace-cce.com\/#organization\",\"name\":\"CCE ALSACE\",\"url\":\"https:\/\/www.alsace-cce.com\/\",\"logo\":{\"@type\":\"ImageObject\",\"inLanguage\":\"fr-FR\",\"@id\":\"https:\/\/www.alsace-cce.com\/#\/schema\/logo\/image\/\",\"url\":\"https:\/\/www.alsace-cce.com\/wp-content\/uploads\/2024\/02\/logo-cce.png\",\"contentUrl\":\"https:\/\/www.alsace-cce.com\/wp-content\/uploads\/2024\/02\/logo-cce.png\",\"width\":256,\"height\":309,\"caption\":\"CCE ALSACE\"},\"image\":{\"@id\":\"https:\/\/www.alsace-cce.com\/#\/schema\/logo\/image\/\"}},{\"@type\":\"Person\",\"@id\":\"https:\/\/www.alsace-cce.com\/#\/schema\/person\/b800148eb124029813139345d38fb7e2\",\"name\":\"emmanuel.vbg\",\"image\":{\"@type\":\"ImageObject\",\"inLanguage\":\"fr-FR\",\"@id\":\"https:\/\/www.alsace-cce.com\/#\/schema\/person\/image\/\",\"url\":\"https:\/\/secure.gravatar.com\/avatar\/7f204b0aba8acc9027c2896f8822b17f38a64d3a642759f515909482bd8cbd00?s=96&d=mm&r=g\",\"contentUrl\":\"https:\/\/secure.gravatar.com\/avatar\/7f204b0aba8acc9027c2896f8822b17f38a64d3a642759f515909482bd8cbd00?s=96&d=mm&r=g\",\"caption\":\"emmanuel.vbg\"},\"sameAs\":[\"https:\/\/www.alsace-cce.com\"],\"url\":\"https:\/\/www.alsace-cce.com\/index.php\/author\/emmanuel-vbg\/\"}]}<\/script>\n<!-- \/ Yoast SEO plugin. -->","yoast_head_json":{"title":"ELECTIONS CCE ALSACE : UN NOUVEAU BUREAU, UNE NOUVELLE DYNAMIQUE - grandestcnccef","robots":{"index":"index","follow":"follow","max-snippet":"max-snippet:-1","max-image-preview":"max-image-preview:large","max-video-preview":"max-video-preview:-1"},"canonical":"https:\/\/www.alsace-cce.com\/index.php\/2022\/03\/25\/elections-cce-alsace-un-nouveau-bureau-une-nouvelle-dynamique\/","og_locale":"fr_FR","og_type":"article","og_title":"ELECTIONS CCE ALSACE : UN NOUVEAU BUREAU, UNE NOUVELLE DYNAMIQUE - grandestcnccef","og_description":"UNE PASSATION DE POUVOIR F\u00c9MININE ! Anne VETTER TIFRIT succ\u00e8de \u00e0 Manou MASSENEZ \u00e0 la Pr\u00e9sidence du comit\u00e9 r\u00e9gional des Conseillers du Commerce Ext\u00e9rieur de la France en Alsace et [&hellip;]","og_url":"https:\/\/www.alsace-cce.com\/index.php\/2022\/03\/25\/elections-cce-alsace-un-nouveau-bureau-une-nouvelle-dynamique\/","og_site_name":"grandestcnccef","article_published_time":"2022-03-25T08:26:56+00:00","article_modified_time":"2024-01-02T08:43:54+00:00","og_image":[{"width":486,"height":400,"url":"https:\/\/www.alsace-cce.com\/wp-content\/uploads\/2024\/01\/elections-cce-alsace-un-nouveau-bureau-une-nouvelle-dynamique-3-486x400-1.jpg","type":"image\/jpeg"}],"author":"emmanuel.vbg","twitter_card":"summary_large_image","twitter_misc":{"\u00c9crit par":"emmanuel.vbg","Dur\u00e9e de lecture estim\u00e9e":"2 minutes"},"schema":{"@context":"https:\/\/schema.org","@graph":[{"@type":"Article","@id":"https:\/\/www.alsace-cce.com\/index.php\/2022\/03\/25\/elections-cce-alsace-un-nouveau-bureau-une-nouvelle-dynamique\/#article","isPartOf":{"@id":"https:\/\/www.alsace-cce.com\/index.php\/2022\/03\/25\/elections-cce-alsace-un-nouveau-bureau-une-nouvelle-dynamique\/"},"author":{"name":"emmanuel.vbg","@id":"https:\/\/www.alsace-cce.com\/#\/schema\/person\/b800148eb124029813139345d38fb7e2"},"headline":"ELECTIONS CCE ALSACE : UN NOUVEAU BUREAU, UNE NOUVELLE DYNAMIQUE","datePublished":"2022-03-25T08:26:56+00:00","dateModified":"2024-01-02T08:43:54+00:00","mainEntityOfPage":{"@id":"https:\/\/www.alsace-cce.com\/index.php\/2022\/03\/25\/elections-cce-alsace-un-nouveau-bureau-une-nouvelle-dynamique\/"},"wordCount":402,"commentCount":0,"publisher":{"@id":"https:\/\/www.alsace-cce.com\/#organization"},"image":{"@id":"https:\/\/www.alsace-cce.com\/index.php\/2022\/03\/25\/elections-cce-alsace-un-nouveau-bureau-une-nouvelle-dynamique\/#primaryimage"},"thumbnailUrl":"https:\/\/www.alsace-cce.com\/wp-content\/uploads\/2024\/01\/elections-cce-alsace-un-nouveau-bureau-une-nouvelle-dynamique-3-486x400-1.jpg","articleSection":["Blog"],"inLanguage":"fr-FR","potentialAction":[{"@type":"CommentAction","name":"Comment","target":["https:\/\/www.alsace-cce.com\/index.php\/2022\/03\/25\/elections-cce-alsace-un-nouveau-bureau-une-nouvelle-dynamique\/#respond"]}]},{"@type":"WebPage","@id":"https:\/\/www.alsace-cce.com\/index.php\/2022\/03\/25\/elections-cce-alsace-un-nouveau-bureau-une-nouvelle-dynamique\/","url":"https:\/\/www.alsace-cce.com\/index.php\/2022\/03\/25\/elections-cce-alsace-un-nouveau-bureau-une-nouvelle-dynamique\/","name":"ELECTIONS CCE ALSACE : UN NOUVEAU BUREAU, UNE NOUVELLE DYNAMIQUE - grandestcnccef","isPartOf":{"@id":"https:\/\/www.alsace-cce.com\/#website"},"primaryImageOfPage":{"@id":"https:\/\/www.alsace-cce.com\/index.php\/2022\/03\/25\/elections-cce-alsace-un-nouveau-bureau-une-nouvelle-dynamique\/#primaryimage"},"image":{"@id":"https:\/\/www.alsace-cce.com\/index.php\/2022\/03\/25\/elections-cce-alsace-un-nouveau-bureau-une-nouvelle-dynamique\/#primaryimage"},"thumbnailUrl":"https:\/\/www.alsace-cce.com\/wp-content\/uploads\/2024\/01\/elections-cce-alsace-un-nouveau-bureau-une-nouvelle-dynamique-3-486x400-1.jpg","datePublished":"2022-03-25T08:26:56+00:00","dateModified":"2024-01-02T08:43:54+00:00","breadcrumb":{"@id":"https:\/\/www.alsace-cce.com\/index.php\/2022\/03\/25\/elections-cce-alsace-un-nouveau-bureau-une-nouvelle-dynamique\/#breadcrumb"},"inLanguage":"fr-FR","potentialAction":[{"@type":"ReadAction","target":["https:\/\/www.alsace-cce.com\/index.php\/2022\/03\/25\/elections-cce-alsace-un-nouveau-bureau-une-nouvelle-dynamique\/"]}]},{"@type":"ImageObject","inLanguage":"fr-FR","@id":"https:\/\/www.alsace-cce.com\/index.php\/2022\/03\/25\/elections-cce-alsace-un-nouveau-bureau-une-nouvelle-dynamique\/#primaryimage","url":"https:\/\/www.alsace-cce.com\/wp-content\/uploads\/2024\/01\/elections-cce-alsace-un-nouveau-bureau-une-nouvelle-dynamique-3-486x400-1.jpg","contentUrl":"https:\/\/www.alsace-cce.com\/wp-content\/uploads\/2024\/01\/elections-cce-alsace-un-nouveau-bureau-une-nouvelle-dynamique-3-486x400-1.jpg","width":486,"height":400},{"@type":"BreadcrumbList","@id":"https:\/\/www.alsace-cce.com\/index.php\/2022\/03\/25\/elections-cce-alsace-un-nouveau-bureau-une-nouvelle-dynamique\/#breadcrumb","itemListElement":[{"@type":"ListItem","position":1,"name":"Accueil","item":"https:\/\/www.alsace-cce.com\/"},{"@type":"ListItem","position":2,"name":"ELECTIONS CCE ALSACE : UN NOUVEAU BUREAU, UNE NOUVELLE DYNAMIQUE"}]},{"@type":"WebSite","@id":"https:\/\/www.alsace-cce.com\/#website","url":"https:\/\/www.alsace-cce.com\/","name":"grandestcnccef","description":"","publisher":{"@id":"https:\/\/www.alsace-cce.com\/#organization"},"potentialAction":[{"@type":"SearchAction","target":{"@type":"EntryPoint","urlTemplate":"https:\/\/www.alsace-cce.com\/?s={search_term_string}"},"query-input":{"@type":"PropertyValueSpecification","valueRequired":true,"valueName":"search_term_string"}}],"inLanguage":"fr-FR"},{"@type":"Organization","@id":"https:\/\/www.alsace-cce.com\/#organization","name":"CCE ALSACE","url":"https:\/\/www.alsace-cce.com\/","logo":{"@type":"ImageObject","inLanguage":"fr-FR","@id":"https:\/\/www.alsace-cce.com\/#\/schema\/logo\/image\/","url":"https:\/\/www.alsace-cce.com\/wp-content\/uploads\/2024\/02\/logo-cce.png","contentUrl":"https:\/\/www.alsace-cce.com\/wp-content\/uploads\/2024\/02\/logo-cce.png","width":256,"height":309,"caption":"CCE ALSACE"},"image":{"@id":"https:\/\/www.alsace-cce.com\/#\/schema\/logo\/image\/"}},{"@type":"Person","@id":"https:\/\/www.alsace-cce.com\/#\/schema\/person\/b800148eb124029813139345d38fb7e2","name":"emmanuel.vbg","image":{"@type":"ImageObject","inLanguage":"fr-FR","@id":"https:\/\/www.alsace-cce.com\/#\/schema\/person\/image\/","url":"https:\/\/secure.gravatar.com\/avatar\/7f204b0aba8acc9027c2896f8822b17f38a64d3a642759f515909482bd8cbd00?s=96&d=mm&r=g","contentUrl":"https:\/\/secure.gravatar.com\/avatar\/7f204b0aba8acc9027c2896f8822b17f38a64d3a642759f515909482bd8cbd00?s=96&d=mm&r=g","caption":"emmanuel.vbg"},"sameAs":["https:\/\/www.alsace-cce.com"],"url":"https:\/\/www.alsace-cce.com\/index.php\/author\/emmanuel-vbg\/"}]}},"_links":{"self":[{"href":"https:\/\/www.alsace-cce.com\/index.php\/wp-json\/wp\/v2\/posts\/131","targetHints":{"allow":["GET"]}}],"collection":[{"href":"https:\/\/www.alsace-cce.com\/index.php\/wp-json\/wp\/v2\/posts"}],"about":[{"href":"https:\/\/www.alsace-cce.com\/index.php\/wp-json\/wp\/v2\/types\/post"}],"author":[{"embeddable":true,"href":"https:\/\/www.alsace-cce.com\/index.php\/wp-json\/wp\/v2\/users\/1"}],"replies":[{"embeddable":true,"href":"https:\/\/www.alsace-cce.com\/index.php\/wp-json\/wp\/v2\/comments?post=131"}],"version-history":[{"count":2,"href":"https:\/\/www.alsace-cce.com\/index.php\/wp-json\/wp\/v2\/posts\/131\/revisions"}],"predecessor-version":[{"id":133,"href":"https:\/\/www.alsace-cce.com\/index.php\/wp-json\/wp\/v2\/posts\/131\/revisions\/133"}],"wp:featuredmedia":[{"embeddable":true,"href":"https:\/\/www.alsace-cce.com\/index.php\/wp-json\/wp\/v2\/media\/111"}],"wp:attachment":[{"href":"https:\/\/www.alsace-cce.com\/index.php\/wp-json\/wp\/v2\/media?parent=131"}],"wp:term":[{"taxonomy":"category","embeddable":true,"href":"https:\/\/www.alsace-cce.com\/index.php\/wp-json\/wp\/v2\/categories?post=131"},{"taxonomy":"post_tag","embeddable":true,"href":"https:\/\/www.alsace-cce.com\/index.php\/wp-json\/wp\/v2\/tags?post=131"}],"curies":[{"name":"wp","href":"https:\/\/api.w.org\/{rel}","templated":true}]}}